{"id":1035,"date":"2017-04-28T19:14:01","date_gmt":"2017-04-28T23:14:01","guid":{"rendered":"http:\/\/cvis3.cebem.org\/?p=1035"},"modified":"2017-04-28T19:14:01","modified_gmt":"2017-04-28T23:14:01","slug":"facebook-de-la-escuela-mayor-de-gestion-municipal","status":"publish","type":"post","link":"https:\/\/cvis3.cebem.org\/?p=1035","title":{"rendered":"Facebook de la Escuela Mayor de Gesti\u00f3n Municipal"},"content":{"rendered":"<p><a href=\"https:\/\/i0.wp.com\/cvis3.cebem.org\/wp-content\/uploads\/2017\/04\/escuela-en-face.jpg?ssl=1\"><img data-attachment-id=\"1036\" data-permalink=\"https:\/\/cvis3.cebem.org\/?attachment_id=1036\" data-orig-file=\"https:\/\/i0.wp.com\/cvis3.cebem.org\/wp-content\/uploads\/2017\/04\/escuela-en-face.jpg?fit=1023%2C690&amp;ssl=1\" data-orig-size=\"1023,690\" data-comments-opened=\"1\" data-image-meta=\"{&quot;aperture&quot;:&quot;0&quot;,&quot;credit&quot;:&quot;&quot;,&quot;camera&quot;:&quot;&quot;,&quot;caption&quot;:&quot;&quot;,&quot;created_timestamp&quot;:&quot;0&quot;,&quot;copyright&quot;:&quot;&quot;,&quot;focal_length&quot;:&quot;0&quot;,&quot;iso&quot;:&quot;0&quot;,&quot;shutter_speed&quot;:&quot;0&quot;,&quot;title&quot;:&quot;&quot;,&quot;orientation&quot;:&quot;0&quot;}\" data-image-title=\"escuela en face\" data-image-description=\"\" data-image-caption=\"\" data-medium-file=\"https:\/\/i0.wp.com\/cvis3.cebem.org\/wp-content\/uploads\/2017\/04\/escuela-en-face.jpg?fit=300%2C202&amp;ssl=1\" data-large-file=\"https:\/\/i0.wp.com\/cvis3.cebem.org\/wp-content\/uploads\/2017\/04\/escuela-en-face.jpg?fit=900%2C607&amp;ssl=1\" loading=\"lazy\" class=\"aligncenter size-medium wp-image-1036\" src=\"https:\/\/i0.wp.com\/cvis3.cebem.org\/wp-content\/uploads\/2017\/04\/escuela-en-face.jpg?resize=300%2C202&#038;ssl=1\" alt=\"\" width=\"300\" height=\"202\" srcset=\"https:\/\/i0.wp.com\/cvis3.cebem.org\/wp-content\/uploads\/2017\/04\/escuela-en-face.jpg?resize=300%2C202&amp;ssl=1 300w, https:\/\/i0.wp.com\/cvis3.cebem.org\/wp-content\/uploads\/2017\/04\/escuela-en-face.jpg?resize=768%2C518&amp;ssl=1 768w, https:\/\/i0.wp.com\/cvis3.cebem.org\/wp-content\/uploads\/2017\/04\/escuela-en-face.jpg?resize=600%2C405&amp;ssl=1 600w, https:\/\/i0.wp.com\/cvis3.cebem.org\/wp-content\/uploads\/2017\/04\/escuela-en-face.jpg?resize=222%2C150&amp;ssl=1 222w, https:\/\/i0.wp.com\/cvis3.cebem.org\/wp-content\/uploads\/2017\/04\/escuela-en-face.jpg?resize=150%2C101&amp;ssl=1 150w, https:\/\/i0.wp.com\/cvis3.cebem.org\/wp-content\/uploads\/2017\/04\/escuela-en-face.jpg?w=1023&amp;ssl=1 1023w\" sizes=\"(max-width: 300px) 100vw, 300px\" data-recalc-dims=\"1\" \/><\/a>Somos una Instituci\u00f3n que ofrece capacitaci\u00f3n, asesor\u00eda e investigaci\u00f3n especializada en temas de gesti\u00f3n p\u00fablica, desarrollo local y ciudadan\u00eda. Contamos con una propuesta educativa flexible, innovadora, sustentada en experiencias de gesti\u00f3n participativa local de sus propios gestores.<\/p>\n<p>Nuestra intervenci\u00f3n desarrolla y potencia el capital humano y social local que participa en los procesos de desarrollo y descentralizaci\u00f3n, promoviendo la concertaci\u00f3n p\u00fablico \u2013 privada.<\/p>\n<p>Establece alianzas estrat\u00e9gicas con instituciones y redes nacionales e internacionales.<\/p>\n<h4><a href=\"https:\/\/www.facebook.com\/emayorperu\/\" target=\"_blank\" rel=\"noopener noreferrer\"><strong>Visitar la Escuela en Facebook<\/strong><\/a><\/h4>\n","protected":false},"excerpt":{"rendered":"<p>Somos una Instituci\u00f3n que ofrece capacitaci\u00f3n, asesor\u00eda e investigaci\u00f3n especializada en temas de gesti\u00f3n p\u00fablica, desarrollo local y ciudadan\u00eda. Contamos con una propuesta educativa flexible, innovadora, sustentada en experiencias de gesti\u00f3n participativa local de sus propios gestores. Nuestra intervenci\u00f3n desarrolla y potencia el capital humano y social local que participa\u2026<\/p>\n<p> <a class=\"continue-reading-link\" href=\"https:\/\/cvis3.cebem.org\/?p=1035\"><span>Continuar leyendo<\/span><i class=\"crycon-right-dir\"><\/i><\/a> <\/p>\n","protected":false},"author":1,"featured_media":1036,"comment_status":"open","ping_status":"closed","sticky":false,"template":"","format":"standard","meta":{"jetpack_publicize_message":"","jetpack_is_tweetstorm":false,"jetpack_publicize_feature_enabled":true},"categories":[29],"tags":[28],"jetpack_publicize_connections":[],"jetpack_featured_media_url":"https:\/\/i0.wp.com\/cvis3.cebem.org\/wp-content\/uploads\/2017\/04\/escuela-en-face.jpg?fit=1023%2C690&ssl=1","jetpack_sharing_enabled":true,"jetpack-related-posts":[],"_links":{"self":[{"href":"https:\/\/cvis3.cebem.org\/index.php?rest_route=\/wp\/v2\/posts\/1035"}],"collection":[{"href":"https:\/\/cvis3.cebem.org\/index.php?rest_route=\/wp\/v2\/posts"}],"about":[{"href":"https:\/\/cvis3.cebem.org\/index.php?rest_route=\/wp\/v2\/types\/post"}],"author":[{"embeddable":true,"href":"https:\/\/cvis3.cebem.org\/index.php?rest_route=\/wp\/v2\/users\/1"}],"replies":[{"embeddable":true,"href":"https:\/\/cvis3.cebem.org\/index.php?rest_route=%2Fwp%2Fv2%2Fcomments&post=1035"}],"version-history":[{"count":1,"href":"https:\/\/cvis3.cebem.org\/index.php?rest_route=\/wp\/v2\/posts\/1035\/revisions"}],"predecessor-version":[{"id":1037,"href":"https:\/\/cvis3.cebem.org\/index.php?rest_route=\/wp\/v2\/posts\/1035\/revisions\/1037"}],"wp:featuredmedia":[{"embeddable":true,"href":"https:\/\/cvis3.cebem.org\/index.php?rest_route=\/wp\/v2\/media\/1036"}],"wp:attachment":[{"href":"https:\/\/cvis3.cebem.org\/index.php?rest_route=%2Fwp%2Fv2%2Fmedia&parent=1035"}],"wp:term":[{"taxonomy":"category","embeddable":true,"href":"https:\/\/cvis3.cebem.org\/index.php?rest_route=%2Fwp%2Fv2%2Fcategories&post=1035"},{"taxonomy":"post_tag","embeddable":true,"href":"https:\/\/cvis3.cebem.org\/index.php?rest_route=%2Fwp%2Fv2%2Ftags&post=1035"}],"curies":[{"name":"wp","href":"https:\/\/api.w.org\/{rel}","templated":true}]}}