{"id":1072,"date":"2017-07-12T20:36:33","date_gmt":"2017-07-13T00:36:33","guid":{"rendered":"http:\/\/cvis3.cebem.org\/?p=1072"},"modified":"2017-07-12T20:36:33","modified_gmt":"2017-07-13T00:36:33","slug":"declaracion-final-del-2do-foro-regional-de-desarrollo-economico-local-para-america-latina-y-el-caribe","status":"publish","type":"post","link":"https:\/\/cvis3.cebem.org\/?p=1072","title":{"rendered":"Declaraci\u00f3n Final del 2do Foro Regional de Desarrollo Econ\u00f3mico Local para Am\u00e9rica Latina y el Caribe"},"content":{"rendered":"<p><a href=\"https:\/\/i0.wp.com\/cvis3.cebem.org\/wp-content\/uploads\/2017\/07\/2do-foro.jpg?ssl=1\"><img data-attachment-id=\"1073\" data-permalink=\"https:\/\/cvis3.cebem.org\/?attachment_id=1073\" data-orig-file=\"https:\/\/i0.wp.com\/cvis3.cebem.org\/wp-content\/uploads\/2017\/07\/2do-foro.jpg?fit=720%2C480&amp;ssl=1\" data-orig-size=\"720,480\" data-comments-opened=\"1\" data-image-meta=\"{&quot;aperture&quot;:&quot;0&quot;,&quot;credit&quot;:&quot;&quot;,&quot;camera&quot;:&quot;&quot;,&quot;caption&quot;:&quot;&quot;,&quot;created_timestamp&quot;:&quot;0&quot;,&quot;copyright&quot;:&quot;&quot;,&quot;focal_length&quot;:&quot;0&quot;,&quot;iso&quot;:&quot;0&quot;,&quot;shutter_speed&quot;:&quot;0&quot;,&quot;title&quot;:&quot;&quot;,&quot;orientation&quot;:&quot;0&quot;}\" data-image-title=\"2do-foro\" data-image-description=\"\" data-image-caption=\"\" data-medium-file=\"https:\/\/i0.wp.com\/cvis3.cebem.org\/wp-content\/uploads\/2017\/07\/2do-foro.jpg?fit=300%2C200&amp;ssl=1\" data-large-file=\"https:\/\/i0.wp.com\/cvis3.cebem.org\/wp-content\/uploads\/2017\/07\/2do-foro.jpg?fit=720%2C480&amp;ssl=1\" loading=\"lazy\" class=\"aligncenter size-medium wp-image-1073\" src=\"https:\/\/i0.wp.com\/cvis3.cebem.org\/wp-content\/uploads\/2017\/07\/2do-foro.jpg?resize=300%2C200&#038;ssl=1\" alt=\"\" width=\"300\" height=\"200\" srcset=\"https:\/\/i0.wp.com\/cvis3.cebem.org\/wp-content\/uploads\/2017\/07\/2do-foro.jpg?resize=300%2C200&amp;ssl=1 300w, https:\/\/i0.wp.com\/cvis3.cebem.org\/wp-content\/uploads\/2017\/07\/2do-foro.jpg?resize=600%2C400&amp;ssl=1 600w, https:\/\/i0.wp.com\/cvis3.cebem.org\/wp-content\/uploads\/2017\/07\/2do-foro.jpg?resize=150%2C100&amp;ssl=1 150w, https:\/\/i0.wp.com\/cvis3.cebem.org\/wp-content\/uploads\/2017\/07\/2do-foro.jpg?w=720&amp;ssl=1 720w\" sizes=\"(max-width: 300px) 100vw, 300px\" data-recalc-dims=\"1\" \/><\/a><\/p>\n<p>Tras cuatro d\u00edas de intensos debates y di\u00e1logos, el 2do Foro Regional de Desarrollo Econ\u00f3mico Local finaliz\u00f3 el pasado viernes 30 de junio. El Foro, celebrado en la ciudad de Tiquipaya, Cochabamba (Bolivia), incluy\u00f3 3 sesiones plenarias, 16 paneles, 10 talleres, 3 agendas de aprendizaje y 3 ferias productivas, junto con otras iniciativas organizadas paralelamente a la celebraci\u00f3n del evento.<\/p>\n<p>En presencia del Presidente del Estado Plurinacional de Bolivia, Evo Morales, y con m\u00e1s de 1.000 participantes procedentes de 25 pa\u00edses de Am\u00e9rica Latina y el Caribe y otras regiones, el Foro ofreci\u00f3 la oportunidad de comparar las perspectivas de gobiernos nacionales, regionales y locales, asociaciones, empresarios, acad\u00e9micos, investigadores y miembros de la sociedad civil sobre c\u00f3mo lograr un desarrollo m\u00e1s justo, equitativo y sostenible.<\/p>\n<p>La Declaraci\u00f3n Final (<strong><a href=\"https:\/\/goo.gl\/q75M13\" target=\"_blank\" rel=\"nofollow noopener\">https:\/\/goo.gl\/q75M13<\/a><\/strong>) identific\u00f3 los retos espec\u00edficos que la regi\u00f3n latinoamericana y del Caribe est\u00e1 enfrentando y resumi\u00f3 c\u00f3mo el Desarrollo Econ\u00f3mico Local constituye hoy un conjunto consolidado de pr\u00e1cticas y herramientas diversas y ampliamente aplicadas, encaminadas a promover la igualdad de oportunidades. El desarrollo local, tan arraigado en la especificidad de los contextos territoriales e impulsado por la visi\u00f3n conjunta de una diversidad de actores locales, permite contextualizar e integrar los Objetivos de Desarrollo Sostenible, apoy\u00e1ndose en nuevos modelos de partenariado y uniendo fuerzas para encontrar soluciones locales para enfrentar desaf\u00edos mundiales.<\/p>\n<p>El Foro forma parte de un proceso de largo alcance que ha venido consolidando una alianza mundial para potenciar el debate pol\u00edtico y una visi\u00f3n compartida sobre el Desarrollo Econ\u00f3mico Local.<\/p>\n<p>La posici\u00f3n regional construida en este 2do foro regional de Bolivia ser\u00e1 presentada en el pr\u00f3ximo foro mundial a llevarse a cabo en <strong>Praia, Cabo Verde del 17 al 20 de octubre de 2017.<\/strong><\/p>\n<p>\u00a1Los esperamos en Cabo Verde! Las inscripciones ya est\u00e1n abiertas:\u00a0<a href=\"https:\/\/goo.gl\/NjMN5t\" target=\"_blank\" rel=\"nofollow noopener\"><strong>https:\/\/goo.gl\/NjMN5t<\/strong><\/a><\/p>\n<h4><a href=\"http:\/\/www.forodel.org\/the-forum\/resources\/\" target=\"_blank\" rel=\"noopener\"><strong>Descargar declaraci\u00f3n<\/strong><\/a><\/h4>\n","protected":false},"excerpt":{"rendered":"<p>Tras cuatro d\u00edas de intensos debates y di\u00e1logos, el 2do Foro Regional de Desarrollo Econ\u00f3mico Local finaliz\u00f3 el pasado viernes 30 de junio. El Foro, celebrado en la ciudad de Tiquipaya, Cochabamba (Bolivia), incluy\u00f3 3 sesiones plenarias, 16 paneles, 10 talleres, 3 agendas de aprendizaje y 3 ferias productivas, junto\u2026<\/p>\n<p> <a class=\"continue-reading-link\" href=\"https:\/\/cvis3.cebem.org\/?p=1072\"><span>Continuar leyendo<\/span><i class=\"crycon-right-dir\"><\/i><\/a> <\/p>\n","protected":false},"author":1,"featured_media":1073,"comment_status":"open","ping_status":"closed","sticky":false,"template":"","format":"standard","meta":{"jetpack_publicize_message":"","jetpack_is_tweetstorm":false,"jetpack_publicize_feature_enabled":true},"categories":[5],"tags":[14],"jetpack_publicize_connections":[],"jetpack_featured_media_url":"https:\/\/i0.wp.com\/cvis3.cebem.org\/wp-content\/uploads\/2017\/07\/2do-foro.jpg?fit=720%2C480&ssl=1","jetpack_sharing_enabled":true,"jetpack-related-posts":[],"_links":{"self":[{"href":"https:\/\/cvis3.cebem.org\/index.php?rest_route=\/wp\/v2\/posts\/1072"}],"collection":[{"href":"https:\/\/cvis3.cebem.org\/index.php?rest_route=\/wp\/v2\/posts"}],"about":[{"href":"https:\/\/cvis3.cebem.org\/index.php?rest_route=\/wp\/v2\/types\/post"}],"author":[{"embeddable":true,"href":"https:\/\/cvis3.cebem.org\/index.php?rest_route=\/wp\/v2\/users\/1"}],"replies":[{"embeddable":true,"href":"https:\/\/cvis3.cebem.org\/index.php?rest_route=%2Fwp%2Fv2%2Fcomments&post=1072"}],"version-history":[{"count":1,"href":"https:\/\/cvis3.cebem.org\/index.php?rest_route=\/wp\/v2\/posts\/1072\/revisions"}],"predecessor-version":[{"id":1074,"href":"https:\/\/cvis3.cebem.org\/index.php?rest_route=\/wp\/v2\/posts\/1072\/revisions\/1074"}],"wp:featuredmedia":[{"embeddable":true,"href":"https:\/\/cvis3.cebem.org\/index.php?rest_route=\/wp\/v2\/media\/1073"}],"wp:attachment":[{"href":"https:\/\/cvis3.cebem.org\/index.php?rest_route=%2Fwp%2Fv2%2Fmedia&parent=1072"}],"wp:term":[{"taxonomy":"category","embeddable":true,"href":"https:\/\/cvis3.cebem.org\/index.php?rest_route=%2Fwp%2Fv2%2Fcategories&post=1072"},{"taxonomy":"post_tag","embeddable":true,"href":"https:\/\/cvis3.cebem.org\/index.php?rest_route=%2Fwp%2Fv2%2Ftags&post=1072"}],"curies":[{"name":"wp","href":"https:\/\/api.w.org\/{rel}","templated":true}]}}