{"id":1097,"date":"2017-02-23T12:05:03","date_gmt":"2017-02-23T16:05:03","guid":{"rendered":"http:\/\/cvis3.cebem.org\/?p=1097"},"modified":"2017-08-15T12:12:07","modified_gmt":"2017-08-15T16:12:07","slug":"curso-virtual-genero-y-desarrollo-local-herramientas-y-conceptos-para-el-analisis-y-la-accion-territorial-6ta-version","status":"publish","type":"post","link":"https:\/\/cvis3.cebem.org\/?p=1097","title":{"rendered":"Curso Virtual: G\u00e9nero y Desarrollo Local \u00abHerramientas y conceptos para el an\u00e1lisis y la Acci\u00f3n Territorial\u00bb (6ta. Versi\u00f3n)"},"content":{"rendered":"<p><a href=\"https:\/\/i0.wp.com\/cvis3.cebem.org\/wp-content\/uploads\/2017\/08\/genero-des-loc-6v.jpg?ssl=1\"><img data-attachment-id=\"1098\" data-permalink=\"https:\/\/cvis3.cebem.org\/?attachment_id=1098\" data-orig-file=\"https:\/\/i0.wp.com\/cvis3.cebem.org\/wp-content\/uploads\/2017\/08\/genero-des-loc-6v.jpg?fit=1024%2C613&amp;ssl=1\" data-orig-size=\"1024,613\" data-comments-opened=\"1\" data-image-meta=\"{&quot;aperture&quot;:&quot;0&quot;,&quot;credit&quot;:&quot;&quot;,&quot;camera&quot;:&quot;&quot;,&quot;caption&quot;:&quot;&quot;,&quot;created_timestamp&quot;:&quot;0&quot;,&quot;copyright&quot;:&quot;&quot;,&quot;focal_length&quot;:&quot;0&quot;,&quot;iso&quot;:&quot;0&quot;,&quot;shutter_speed&quot;:&quot;0&quot;,&quot;title&quot;:&quot;&quot;,&quot;orientation&quot;:&quot;0&quot;}\" data-image-title=\"genero-des-loc-6v\" data-image-description=\"\" data-image-caption=\"\" data-medium-file=\"https:\/\/i0.wp.com\/cvis3.cebem.org\/wp-content\/uploads\/2017\/08\/genero-des-loc-6v.jpg?fit=300%2C180&amp;ssl=1\" data-large-file=\"https:\/\/i0.wp.com\/cvis3.cebem.org\/wp-content\/uploads\/2017\/08\/genero-des-loc-6v.jpg?fit=900%2C539&amp;ssl=1\" loading=\"lazy\" class=\"aligncenter size-medium wp-image-1098\" src=\"https:\/\/i0.wp.com\/cvis3.cebem.org\/wp-content\/uploads\/2017\/08\/genero-des-loc-6v.jpg?resize=300%2C180&#038;ssl=1\" alt=\"\" width=\"300\" height=\"180\" srcset=\"https:\/\/i0.wp.com\/cvis3.cebem.org\/wp-content\/uploads\/2017\/08\/genero-des-loc-6v.jpg?resize=300%2C180&amp;ssl=1 300w, https:\/\/i0.wp.com\/cvis3.cebem.org\/wp-content\/uploads\/2017\/08\/genero-des-loc-6v.jpg?resize=768%2C460&amp;ssl=1 768w, https:\/\/i0.wp.com\/cvis3.cebem.org\/wp-content\/uploads\/2017\/08\/genero-des-loc-6v.jpg?w=1024&amp;ssl=1 1024w, https:\/\/i0.wp.com\/cvis3.cebem.org\/wp-content\/uploads\/2017\/08\/genero-des-loc-6v.jpg?resize=600%2C359&amp;ssl=1 600w, https:\/\/i0.wp.com\/cvis3.cebem.org\/wp-content\/uploads\/2017\/08\/genero-des-loc-6v.jpg?resize=250%2C150&amp;ssl=1 250w, https:\/\/i0.wp.com\/cvis3.cebem.org\/wp-content\/uploads\/2017\/08\/genero-des-loc-6v.jpg?resize=150%2C90&amp;ssl=1 150w\" sizes=\"(max-width: 300px) 100vw, 300px\" data-recalc-dims=\"1\" \/><\/a><strong>Del 8 de mayo al 25 de junio del 2017<\/strong><\/p>\n<p><strong>Introducci\u00f3n<\/strong><\/p>\n<p>\u00bfCu\u00e1les son los conceptos fundamentales sobre g\u00e9nero y desarrollo local? \u00bfCu\u00e1l es la situaci\u00f3n de nuestras ciudades y territorios desde una perspectiva de g\u00e9nero? \u00bfQu\u00e9 herramientas puedo aplicar en el plano del desarrollo econ\u00f3mico local? \u00bfCu\u00e1les son los obst\u00e1culos que pueden limitar la participaci\u00f3n plena de las mujeres? \u00bfQu\u00e9 estrategias puedo implementar para trabajar en pos de la equidad de g\u00e9nero?<\/p>\n<p>Estos son algunos de los interrogantes que iremos dilucidando a lo largo de este curso sobre g\u00e9nero y desarrollo local, en el marco de la realidad social din\u00e1mica.<\/p>\n<p>La propuesta est\u00e1 dirigida a hombres y a mujeres, a profesionales, a t\u00e9cnicos\/as, a funcionarios\/as\u00a0 de instituciones p\u00fablicas o privadas, todos\/as aquellos\/as que trabajen en el \u00e1mbito local y cuyo inter\u00e9s sea el de contribuir al desarrollo local-territorial, donde la visi\u00f3n de equidad de g\u00e9nero sea el hilo conductor de todo este proceso.<\/p>\n<p>El curso est\u00e1 dise\u00f1ado para apoyar a sus participantes en su trabajo diario, a trav\u00e9s de la teor\u00eda, pero tambi\u00e9n de herramientas pr\u00e1cticas que puedan implementar en su tarea diaria.<\/p>\n<p>Los participantes a partir de este curso podr\u00e1n:<\/p>\n<ul>\n<li>Entender por qu\u00e9 se debe perseguir la igualdad de g\u00e9nero en el plano local;<\/li>\n<li>Conocer cu\u00e1les son los obst\u00e1culos que pueden imposibilitar la participaci\u00f3n de las mujeres; y<\/li>\n<li>Definir y poner en pr\u00e1ctica estrategias para tratar las consideraciones relativas al g\u00e9nero en el proceso de desarrollo local.<\/li>\n<\/ul>\n<p>A lo largo del mismo se har\u00e1 referencia a herramientas y lecturas complementarias para dise\u00f1ar, implementar, acompa\u00f1ar y evaluar proyectos y programas.<\/p>\n<h4><a href=\"http:\/\/cebem.org\/?p=1946\" target=\"_blank\" rel=\"noopener\"><strong>M\u00e1s informaci\u00f3n<\/strong><\/a><\/h4>\n","protected":false},"excerpt":{"rendered":"<p>Del 8 de mayo al 25 de junio del 2017 Introducci\u00f3n \u00bfCu\u00e1les son los conceptos fundamentales sobre g\u00e9nero y desarrollo local? \u00bfCu\u00e1l es la situaci\u00f3n de nuestras ciudades y territorios desde una perspectiva de g\u00e9nero? \u00bfQu\u00e9 herramientas puedo aplicar en el plano del desarrollo econ\u00f3mico local? \u00bfCu\u00e1les son los obst\u00e1culos\u2026<\/p>\n<p> <a class=\"continue-reading-link\" href=\"https:\/\/cvis3.cebem.org\/?p=1097\"><span>Continuar leyendo<\/span><i class=\"crycon-right-dir\"><\/i><\/a> <\/p>\n","protected":false},"author":1,"featured_media":1098,"comment_status":"open","ping_status":"closed","sticky":false,"template":"","format":"standard","meta":{"jetpack_publicize_message":"","jetpack_is_tweetstorm":false,"jetpack_publicize_feature_enabled":true},"categories":[5],"tags":[31],"jetpack_publicize_connections":[],"jetpack_featured_media_url":"https:\/\/i0.wp.com\/cvis3.cebem.org\/wp-content\/uploads\/2017\/08\/genero-des-loc-6v.jpg?fit=1024%2C613&ssl=1","jetpack_sharing_enabled":true,"jetpack-related-posts":[],"_links":{"self":[{"href":"https:\/\/cvis3.cebem.org\/index.php?rest_route=\/wp\/v2\/posts\/1097"}],"collection":[{"href":"https:\/\/cvis3.cebem.org\/index.php?rest_route=\/wp\/v2\/posts"}],"about":[{"href":"https:\/\/cvis3.cebem.org\/index.php?rest_route=\/wp\/v2\/types\/post"}],"author":[{"embeddable":true,"href":"https:\/\/cvis3.cebem.org\/index.php?rest_route=\/wp\/v2\/users\/1"}],"replies":[{"embeddable":true,"href":"https:\/\/cvis3.cebem.org\/index.php?rest_route=%2Fwp%2Fv2%2Fcomments&post=1097"}],"version-history":[{"count":2,"href":"https:\/\/cvis3.cebem.org\/index.php?rest_route=\/wp\/v2\/posts\/1097\/revisions"}],"predecessor-version":[{"id":1100,"href":"https:\/\/cvis3.cebem.org\/index.php?rest_route=\/wp\/v2\/posts\/1097\/revisions\/1100"}],"wp:featuredmedia":[{"embeddable":true,"href":"https:\/\/cvis3.cebem.org\/index.php?rest_route=\/wp\/v2\/media\/1098"}],"wp:attachment":[{"href":"https:\/\/cvis3.cebem.org\/index.php?rest_route=%2Fwp%2Fv2%2Fmedia&parent=1097"}],"wp:term":[{"taxonomy":"category","embeddable":true,"href":"https:\/\/cvis3.cebem.org\/index.php?rest_route=%2Fwp%2Fv2%2Fcategories&post=1097"},{"taxonomy":"post_tag","embeddable":true,"href":"https:\/\/cvis3.cebem.org\/index.php?rest_route=%2Fwp%2Fv2%2Ftags&post=1097"}],"curies":[{"name":"wp","href":"https:\/\/api.w.org\/{rel}","templated":true}]}}