{"id":1112,"date":"2017-09-08T19:47:14","date_gmt":"2017-09-08T23:47:14","guid":{"rendered":"http:\/\/cvis3.cebem.org\/?p=1112"},"modified":"2017-09-08T19:47:14","modified_gmt":"2017-09-08T23:47:14","slug":"inscripciones-abiertas-4a-fiesta-del-sur-y-encuentro-de-cultura","status":"publish","type":"post","link":"https:\/\/cvis3.cebem.org\/?p=1112","title":{"rendered":"Inscripciones abiertas: 4\u00aa Fiesta del Sur y encuentro de Cultura"},"content":{"rendered":"<p><a href=\"https:\/\/i0.wp.com\/cvis3.cebem.org\/wp-content\/uploads\/2017\/09\/21314321_532853050389326_1876187630356436456_n.png?ssl=1\"><img data-attachment-id=\"1113\" data-permalink=\"https:\/\/cvis3.cebem.org\/?attachment_id=1113\" data-orig-file=\"https:\/\/i0.wp.com\/cvis3.cebem.org\/wp-content\/uploads\/2017\/09\/21314321_532853050389326_1876187630356436456_n.png?fit=470%2C250&amp;ssl=1\" data-orig-size=\"470,250\" data-comments-opened=\"1\" data-image-meta=\"{&quot;aperture&quot;:&quot;0&quot;,&quot;credit&quot;:&quot;&quot;,&quot;camera&quot;:&quot;&quot;,&quot;caption&quot;:&quot;&quot;,&quot;created_timestamp&quot;:&quot;0&quot;,&quot;copyright&quot;:&quot;&quot;,&quot;focal_length&quot;:&quot;0&quot;,&quot;iso&quot;:&quot;0&quot;,&quot;shutter_speed&quot;:&quot;0&quot;,&quot;title&quot;:&quot;&quot;,&quot;orientation&quot;:&quot;0&quot;}\" data-image-title=\"21314321_532853050389326_1876187630356436456_n\" data-image-description=\"\" data-image-caption=\"\" data-medium-file=\"https:\/\/i0.wp.com\/cvis3.cebem.org\/wp-content\/uploads\/2017\/09\/21314321_532853050389326_1876187630356436456_n.png?fit=300%2C160&amp;ssl=1\" data-large-file=\"https:\/\/i0.wp.com\/cvis3.cebem.org\/wp-content\/uploads\/2017\/09\/21314321_532853050389326_1876187630356436456_n.png?fit=470%2C250&amp;ssl=1\" loading=\"lazy\" class=\"alignleft size-medium wp-image-1113\" src=\"https:\/\/i0.wp.com\/cvis3.cebem.org\/wp-content\/uploads\/2017\/09\/21314321_532853050389326_1876187630356436456_n.png?resize=300%2C160&#038;ssl=1\" alt=\"\" width=\"300\" height=\"160\" srcset=\"https:\/\/i0.wp.com\/cvis3.cebem.org\/wp-content\/uploads\/2017\/09\/21314321_532853050389326_1876187630356436456_n.png?resize=300%2C160&amp;ssl=1 300w, https:\/\/i0.wp.com\/cvis3.cebem.org\/wp-content\/uploads\/2017\/09\/21314321_532853050389326_1876187630356436456_n.png?resize=150%2C80&amp;ssl=1 150w, https:\/\/i0.wp.com\/cvis3.cebem.org\/wp-content\/uploads\/2017\/09\/21314321_532853050389326_1876187630356436456_n.png?w=470&amp;ssl=1 470w\" sizes=\"(max-width: 300px) 100vw, 300px\" data-recalc-dims=\"1\" \/><\/a>La\u00a0<a href=\"http:\/\/www.mercociudades.org\/UTC\" target=\"_blank\" rel=\"noopener\">Unidad Tem\u00e1tica de Cultura (UTC)<\/a>\u00a0invita a las \u201cmercociudades\u201d a participar de su pr\u00f3ximo encuentro, a realizarse durante la\u00a0<a href=\"http:\/\/mercociudades.org\/node\/6382\" target=\"_blank\" rel=\"noopener\">4\u00aa edici\u00f3n de la Fiesta del Sur<\/a>\u00a0del 26 al 28 de octubre de 2017 en la ciudad boliviana de La Paz.<strong>\u00a0Las inscripciones permanecer\u00e1n abiertas hasta el 9 de octubre de 2017.\u00a0<\/strong><\/p>\n<p>La reuni\u00f3n contempla plenarias en las que se presentar\u00e1n y debatir\u00e1n temas de preocupaci\u00f3n de la UTC y al finalizar las jornadas se emitir\u00e1n las principales conclusiones resultantes del debate. Asimismo, con el objetivo de colaborar en los procesos de interacci\u00f3n de la Red con otros espacios similares, se ha previsto un encuentro con representantes de la Uni\u00f3n de Ciudades Capitales de Iberoam\u00e9rica (UCCI) y con Ciudades y Gobiernos Locales Unidos (CGLU).<\/p>\n<p>Se prev\u00e9 la conformaci\u00f3n de cinco mesas de trabajo, cada una abordar\u00e1 un tema en especial con la finalidad de intercambiar experiencias y discutir con mayor profundidad. Las mesas se realizar\u00e1n de forma simult\u00e1nea, estar\u00e1n compuestas de un m\u00e1ximo de 10 integrantes y abordar\u00e1n los siguientes temas:<\/p>\n<ol>\n<li>Lo cultural como herramienta de transformaci\u00f3n social.<\/li>\n<li>Desarrollo cultural vs desarrollo econ\u00f3mico.<\/li>\n<li>Patrimonio Cultural.<\/li>\n<li>Difusi\u00f3n, Circulaci\u00f3n y Movilidad Cultural.<\/li>\n<li>Formaci\u00f3n e investigaci\u00f3n cultural.<\/li>\n<\/ol>\n<p>En cada mesa se aceptar\u00e1 un m\u00e1ximo de 8 exposiciones que podr\u00e1n realizarse en 20 minutos, contando con 10 minutos para responder consultas. En raz\u00f3n de ello se solicita a quienes deseen presentar ponencias que lo detallen en la ficha de inscripci\u00f3n. Se propone que las exposiciones no s\u00f3lo est\u00e9n centradas en experiencias exitosas, programas o proyectos relacionados al tema de la mesa de trabajo, sino tambi\u00e9n en problemas, riesgos o dificultades que puedan ser comunes a otras ciudades, a fin de motivar la discusi\u00f3n y el intercambio de ideas, as\u00ed como la adopci\u00f3n de acciones comunes en la regi\u00f3n.<\/p>\n<p>La Municipalidad de La Paz cubrir\u00e1 los gastos de alojamiento de hasta cuatro (4) noches de hotel, alimentaci\u00f3n y traslados internos, de un representante por ciudad miembro de la Red.\u00a0Para inscribirse se debe completar y enviar la\u00a0<a href=\"http:\/\/www.mercociudades.org\/sites\/portal.mercociudades.net\/files\/Formulario%20inscripci%C3%B3n%20reuni%C3%B3n%20UTC%202017.docx\" target=\"_blank\" rel=\"noopener\">ficha de inscripci\u00f3n<\/a>\u00a0al correo electr\u00f3nico:\u00a0<a href=\"mailto:lapaz.culturas@lapaz.bo\" target=\"_blank\" rel=\"noopener\">lapaz.culturas@lapaz.bo<\/a>, con copia\u00a0<a href=\"mailto:ananoballe@gmail.com\" target=\"_blank\" rel=\"noopener\">ananoballe@gmail.com<\/a>, hasta el lunes 9 de octubre de 2017.<\/p>\n<h4><strong><a href=\"http:\/\/www.mercociudades.org\/node\/6456\" target=\"_blank\" rel=\"noopener\">M\u00e1s informaci\u00f3n sobre el\u00a0encuentro<\/a><\/strong><\/h4>\n<h4>Por consultas y\/o mayor informaci\u00f3n comunicarse a los tel\u00e9fonos: +591 22406816 \/ +591 60557079<\/h4>\n<h4>Acceda a la\u00a0<a href=\"http:\/\/www.mercociudades.org\/sites\/portal.mercociudades.net\/files\/Invitaci%C3%B3n%20reuni%C3%B3n%20UTC_2017.pdf\" target=\"_blank\" rel=\"noopener\">invitaci\u00f3n<\/a>,\u00a0<a href=\"http:\/\/www.mercociudades.org\/sites\/portal.mercociudades.net\/files\/Programa%20reuni%C3%B3n%20UTC%202017.pdf\" target=\"_blank\" rel=\"noopener\">programa<\/a>\u00a0y\u00a0<a href=\"http:\/\/www.mercociudades.org\/sites\/portal.mercociudades.net\/files\/Formulario%20inscripci%C3%B3n%20reuni%C3%B3n%20UTC%202017.docx\" target=\"_blank\" rel=\"noopener\">ficha de inscripci\u00f3n<\/a><\/h4>\n","protected":false},"excerpt":{"rendered":"<p>La\u00a0Unidad Tem\u00e1tica de Cultura (UTC)\u00a0invita a las \u201cmercociudades\u201d a participar de su pr\u00f3ximo encuentro, a realizarse durante la\u00a04\u00aa edici\u00f3n de la Fiesta del Sur\u00a0del 26 al 28 de octubre de 2017 en la ciudad boliviana de La Paz.\u00a0Las inscripciones permanecer\u00e1n abiertas hasta el 9 de octubre de 2017.\u00a0 La reuni\u00f3n\u2026<\/p>\n<p> <a class=\"continue-reading-link\" href=\"https:\/\/cvis3.cebem.org\/?p=1112\"><span>Continuar leyendo<\/span><i class=\"crycon-right-dir\"><\/i><\/a> <\/p>\n","protected":false},"author":1,"featured_media":1113,"comment_status":"open","ping_status":"closed","sticky":false,"template":"","format":"standard","meta":{"jetpack_publicize_message":"Inscripciones abiertas: 4\u00aa Fiesta del Sur y encuentro de Cultura\r\n\r\nLas inscripciones permanecer\u00e1n abiertas hasta el 9 de octubre de 2017.","jetpack_is_tweetstorm":false,"jetpack_publicize_feature_enabled":true},"categories":[5],"tags":[26],"jetpack_publicize_connections":[],"jetpack_featured_media_url":"https:\/\/i0.wp.com\/cvis3.cebem.org\/wp-content\/uploads\/2017\/09\/21314321_532853050389326_1876187630356436456_n.png?fit=470%2C250&ssl=1","jetpack_sharing_enabled":true,"jetpack-related-posts":[],"_links":{"self":[{"href":"https:\/\/cvis3.cebem.org\/index.php?rest_route=\/wp\/v2\/posts\/1112"}],"collection":[{"href":"https:\/\/cvis3.cebem.org\/index.php?rest_route=\/wp\/v2\/posts"}],"about":[{"href":"https:\/\/cvis3.cebem.org\/index.php?rest_route=\/wp\/v2\/types\/post"}],"author":[{"embeddable":true,"href":"https:\/\/cvis3.cebem.org\/index.php?rest_route=\/wp\/v2\/users\/1"}],"replies":[{"embeddable":true,"href":"https:\/\/cvis3.cebem.org\/index.php?rest_route=%2Fwp%2Fv2%2Fcomments&post=1112"}],"version-history":[{"count":1,"href":"https:\/\/cvis3.cebem.org\/index.php?rest_route=\/wp\/v2\/posts\/1112\/revisions"}],"predecessor-version":[{"id":1114,"href":"https:\/\/cvis3.cebem.org\/index.php?rest_route=\/wp\/v2\/posts\/1112\/revisions\/1114"}],"wp:featuredmedia":[{"embeddable":true,"href":"https:\/\/cvis3.cebem.org\/index.php?rest_route=\/wp\/v2\/media\/1113"}],"wp:attachment":[{"href":"https:\/\/cvis3.cebem.org\/index.php?rest_route=%2Fwp%2Fv2%2Fmedia&parent=1112"}],"wp:term":[{"taxonomy":"category","embeddable":true,"href":"https:\/\/cvis3.cebem.org\/index.php?rest_route=%2Fwp%2Fv2%2Fcategories&post=1112"},{"taxonomy":"post_tag","embeddable":true,"href":"https:\/\/cvis3.cebem.org\/index.php?rest_route=%2Fwp%2Fv2%2Ftags&post=1112"}],"curies":[{"name":"wp","href":"https:\/\/api.w.org\/{rel}","templated":true}]}}