{"id":112,"date":"2016-08-25T16:28:30","date_gmt":"2016-08-25T20:28:30","guid":{"rendered":"http:\/\/cvis3.cebem.org\/?p=112"},"modified":"2016-09-09T15:41:17","modified_gmt":"2016-09-09T19:41:17","slug":"encuentro-en-cochabamba-bolivia","status":"publish","type":"post","link":"https:\/\/cvis3.cebem.org\/?p=112","title":{"rendered":"Taller de Implementaci\u00f3n en Cochabamba, Bolivia"},"content":{"rendered":"<p><img loading=\"lazy\" class=\"wp-image-116 size-full aligncenter\" src=\"https:\/\/i0.wp.com\/cvis3.cebem.org\/wp-content\/uploads\/2016\/08\/cochabamba_panoramico.jpg?resize=900%2C199&#038;ssl=1\" alt=\"cochabamba_panoramico\" width=\"900\" height=\"199\" data-recalc-dims=\"1\" \/><\/p>\n<p><strong>El Primer Taller de Implementaci\u00f3n de la Iniciativa Saemaul para Nuevas Comunidades Inclusivas y Sustentables (ISNC) se realizar\u00e1 en la ciudad de Cochabamba, Bolivia, del 29 al 31 de Agosto.<\/strong><\/p>\n<p>Sus objetivos son:<\/p>\n<ol>\n<li>Identificar experiencias, desaf\u00edos y lecciones aprendidas durante la implementaci\u00f3n de ISNC.<\/li>\n<li>Discutir modos de aproximaci\u00f3n al establecimiento o conexi\u00f3n con centros regionales de excelencia para proporcionar asesor\u00eda en pol\u00edticas, y para contribuir a la recopilaci\u00f3n de conocimiento y a la cooperaci\u00f3n Sur-Sur.<\/li>\n<li>Concertar una ruta de implementaci\u00f3n para la replicaci\u00f3n a escala del modelo ISNC.<\/li>\n<li>Profundizar en la comprensi\u00f3n del modelo ISNC y en la capacitaci\u00f3n sobre las Gu\u00edas de Implementaci\u00f3n Global.<\/li>\n<\/ol>\n<p>Aqu\u00ed puede\u00a0<a href=\"https:\/\/cvis3.cebem.org\/wp-content\/uploads\/2016\/08\/Concept-note-and-agenda-of-the-global-implementation-workshop-2nd-COP-me-v2-22.08.pdf\">descargar un BORRADOR<\/a> (PDF, 260 KB) de la nota conceptual del programa y de la agenda del evento, sujeto a modificaciones.<\/p>\n","protected":false},"excerpt":{"rendered":"<p>El Primer Taller de Implementaci\u00f3n de la Iniciativa Saemaul para Nuevas Comunidades Inclusivas y Sustentables (ISNC) se realizar\u00e1 en la ciudad de Cochabamba, Bolivia, del 29 al 31 de Agosto. Sus objetivos son: Identificar experiencias, desaf\u00edos y lecciones aprendidas durante la implementaci\u00f3n de ISNC. Discutir modos de aproximaci\u00f3n al establecimiento\u2026<\/p>\n<p> <a class=\"continue-reading-link\" href=\"https:\/\/cvis3.cebem.org\/?p=112\"><span>Continuar leyendo<\/span><i class=\"crycon-right-dir\"><\/i><\/a> <\/p>\n","protected":false},"author":3,"featured_media":370,"comment_status":"open","ping_status":"closed","sticky":false,"template":"","format":"standard","meta":{"jetpack_publicize_message":"","jetpack_is_tweetstorm":false,"jetpack_publicize_feature_enabled":true},"categories":[4],"tags":[],"jetpack_publicize_connections":[],"jetpack_featured_media_url":"https:\/\/i0.wp.com\/cvis3.cebem.org\/wp-content\/uploads\/2016\/08\/cochabamba_panoramico.jpg?fit=1919%2C425&ssl=1","jetpack_sharing_enabled":true,"jetpack-related-posts":[],"_links":{"self":[{"href":"https:\/\/cvis3.cebem.org\/index.php?rest_route=\/wp\/v2\/posts\/112"}],"collection":[{"href":"https:\/\/cvis3.cebem.org\/index.php?rest_route=\/wp\/v2\/posts"}],"about":[{"href":"https:\/\/cvis3.cebem.org\/index.php?rest_route=\/wp\/v2\/types\/post"}],"author":[{"embeddable":true,"href":"https:\/\/cvis3.cebem.org\/index.php?rest_route=\/wp\/v2\/users\/3"}],"replies":[{"embeddable":true,"href":"https:\/\/cvis3.cebem.org\/index.php?rest_route=%2Fwp%2Fv2%2Fcomments&post=112"}],"version-history":[{"count":6,"href":"https:\/\/cvis3.cebem.org\/index.php?rest_route=\/wp\/v2\/posts\/112\/revisions"}],"predecessor-version":[{"id":227,"href":"https:\/\/cvis3.cebem.org\/index.php?rest_route=\/wp\/v2\/posts\/112\/revisions\/227"}],"wp:featuredmedia":[{"embeddable":true,"href":"https:\/\/cvis3.cebem.org\/index.php?rest_route=\/wp\/v2\/media\/370"}],"wp:attachment":[{"href":"https:\/\/cvis3.cebem.org\/index.php?rest_route=%2Fwp%2Fv2%2Fmedia&parent=112"}],"wp:term":[{"taxonomy":"category","embeddable":true,"href":"https:\/\/cvis3.cebem.org\/index.php?rest_route=%2Fwp%2Fv2%2Fcategories&post=112"},{"taxonomy":"post_tag","embeddable":true,"href":"https:\/\/cvis3.cebem.org\/index.php?rest_route=%2Fwp%2Fv2%2Ftags&post=112"}],"curies":[{"name":"wp","href":"https:\/\/api.w.org\/{rel}","templated":true}]}}