{"id":1122,"date":"2017-09-11T11:52:31","date_gmt":"2017-09-11T15:52:31","guid":{"rendered":"http:\/\/cvis3.cebem.org\/?p=1122"},"modified":"2017-09-11T11:52:31","modified_gmt":"2017-09-11T15:52:31","slug":"xii-congreso-iberoamericano-de-municipalistas","status":"publish","type":"post","link":"https:\/\/cvis3.cebem.org\/?p=1122","title":{"rendered":"XII Congreso Iberoamericano de Municipalistas"},"content":{"rendered":"<p><a href=\"https:\/\/i0.wp.com\/cvis3.cebem.org\/wp-content\/uploads\/2017\/09\/UIMcongreso.jpg?ssl=1\"><img data-attachment-id=\"1123\" data-permalink=\"https:\/\/cvis3.cebem.org\/?attachment_id=1123\" data-orig-file=\"https:\/\/i0.wp.com\/cvis3.cebem.org\/wp-content\/uploads\/2017\/09\/UIMcongreso.jpg?fit=850%2C450&amp;ssl=1\" data-orig-size=\"850,450\" data-comments-opened=\"1\" data-image-meta=\"{&quot;aperture&quot;:&quot;0&quot;,&quot;credit&quot;:&quot;&quot;,&quot;camera&quot;:&quot;&quot;,&quot;caption&quot;:&quot;&quot;,&quot;created_timestamp&quot;:&quot;0&quot;,&quot;copyright&quot;:&quot;&quot;,&quot;focal_length&quot;:&quot;0&quot;,&quot;iso&quot;:&quot;0&quot;,&quot;shutter_speed&quot;:&quot;0&quot;,&quot;title&quot;:&quot;&quot;,&quot;orientation&quot;:&quot;0&quot;}\" data-image-title=\"UIMcongreso\" data-image-description=\"\" data-image-caption=\"\" data-medium-file=\"https:\/\/i0.wp.com\/cvis3.cebem.org\/wp-content\/uploads\/2017\/09\/UIMcongreso.jpg?fit=300%2C159&amp;ssl=1\" data-large-file=\"https:\/\/i0.wp.com\/cvis3.cebem.org\/wp-content\/uploads\/2017\/09\/UIMcongreso.jpg?fit=850%2C450&amp;ssl=1\" loading=\"lazy\" class=\"aligncenter  wp-image-1123\" src=\"https:\/\/i0.wp.com\/cvis3.cebem.org\/wp-content\/uploads\/2017\/09\/UIMcongreso.jpg?resize=370%2C219&#038;ssl=1\" alt=\"\" width=\"370\" height=\"219\" data-recalc-dims=\"1\" \/><\/a><\/p>\n<p>Manizales \u00b7 Caldas \u00b7 Colombia &#8211; Del 24 al 28 de septiembre de 2017<\/p>\n<p>El XII Congreso Iberoamericano de Municipalistas, organizado por la Gobernaci\u00f3n de Caldas (Colombia), la UIM, y PNUD, constituye el encuentro iberoamericano m\u00e1s relevante e influyente de municipalistas, autoridades locales (alcaldes\/as, concejales\/as), personal directivo y t\u00e9cnico de gobiernos locales, regionales y sus asociaciones, redes de cooperaci\u00f3n, centros de formaci\u00f3n, sector empresarial y de los socios y socias UIM.<\/p>\n<p>En tan solo un a\u00f1o, la comunidad internacional ha adoptado tres ambiciosas agendas: la Agenda 2030 para el Desarrollo Sostenible, el Acuerdo de Par\u00eds sobre el Cambio Clim\u00e1tico y la nueva Agenda Urbana. Los Gobiernos Locales y Regionales han demostrado ser fundamentales para la consecuci\u00f3n de dichas agendas, sin embargo, es necesario redefinir su rol, para poder asegurar la puesta en marcha de mecanismos de gobernanza y seguimiento tanto a nivel local, nacional como global.<\/p>\n<p>La XII edici\u00f3n de este Congreso, abordar\u00e1 los temas prioritarios de la agenda de los Gobiernos Locales y Regionales, los cuales guiar\u00e1n su acci\u00f3n durante los pr\u00f3ximos a\u00f1os.<\/p>\n<h4><a href=\"http:\/\/congresocaldas.eventosuim.org\/\" target=\"_blank\" rel=\"noopener\"><strong>M\u00e1s informaci\u00f3n<\/strong><\/a><\/h4>\n","protected":false},"excerpt":{"rendered":"<p>Manizales \u00b7 Caldas \u00b7 Colombia &#8211; Del 24 al 28 de septiembre de 2017 El XII Congreso Iberoamericano de Municipalistas, organizado por la Gobernaci\u00f3n de Caldas (Colombia), la UIM, y PNUD, constituye el encuentro iberoamericano m\u00e1s relevante e influyente de municipalistas, autoridades locales (alcaldes\/as, concejales\/as), personal directivo y t\u00e9cnico de\u2026<\/p>\n<p> <a class=\"continue-reading-link\" href=\"https:\/\/cvis3.cebem.org\/?p=1122\"><span>Continuar leyendo<\/span><i class=\"crycon-right-dir\"><\/i><\/a> <\/p>\n","protected":false},"author":1,"featured_media":1123,"comment_status":"open","ping_status":"closed","sticky":false,"template":"","format":"standard","meta":{"jetpack_publicize_message":"XII #Congreso Iberoamericano de Municipalistas\r\n\r\nManizales \u00b7 Caldas \u00b7 #Colombia - Del 24 al 28 de septiembre de 2017","jetpack_is_tweetstorm":false,"jetpack_publicize_feature_enabled":true},"categories":[5],"tags":[32,26],"jetpack_publicize_connections":[],"jetpack_featured_media_url":"https:\/\/i0.wp.com\/cvis3.cebem.org\/wp-content\/uploads\/2017\/09\/UIMcongreso.jpg?fit=850%2C450&ssl=1","jetpack_sharing_enabled":true,"jetpack-related-posts":[],"_links":{"self":[{"href":"https:\/\/cvis3.cebem.org\/index.php?rest_route=\/wp\/v2\/posts\/1122"}],"collection":[{"href":"https:\/\/cvis3.cebem.org\/index.php?rest_route=\/wp\/v2\/posts"}],"about":[{"href":"https:\/\/cvis3.cebem.org\/index.php?rest_route=\/wp\/v2\/types\/post"}],"author":[{"embeddable":true,"href":"https:\/\/cvis3.cebem.org\/index.php?rest_route=\/wp\/v2\/users\/1"}],"replies":[{"embeddable":true,"href":"https:\/\/cvis3.cebem.org\/index.php?rest_route=%2Fwp%2Fv2%2Fcomments&post=1122"}],"version-history":[{"count":1,"href":"https:\/\/cvis3.cebem.org\/index.php?rest_route=\/wp\/v2\/posts\/1122\/revisions"}],"predecessor-version":[{"id":1124,"href":"https:\/\/cvis3.cebem.org\/index.php?rest_route=\/wp\/v2\/posts\/1122\/revisions\/1124"}],"wp:featuredmedia":[{"embeddable":true,"href":"https:\/\/cvis3.cebem.org\/index.php?rest_route=\/wp\/v2\/media\/1123"}],"wp:attachment":[{"href":"https:\/\/cvis3.cebem.org\/index.php?rest_route=%2Fwp%2Fv2%2Fmedia&parent=1122"}],"wp:term":[{"taxonomy":"category","embeddable":true,"href":"https:\/\/cvis3.cebem.org\/index.php?rest_route=%2Fwp%2Fv2%2Fcategories&post=1122"},{"taxonomy":"post_tag","embeddable":true,"href":"https:\/\/cvis3.cebem.org\/index.php?rest_route=%2Fwp%2Fv2%2Ftags&post=1122"}],"curies":[{"name":"wp","href":"https:\/\/api.w.org\/{rel}","templated":true}]}}