{"id":1210,"date":"2017-12-05T18:39:26","date_gmt":"2017-12-05T22:39:26","guid":{"rendered":"http:\/\/cvis3.cebem.org\/?p=1210"},"modified":"2017-12-05T18:39:26","modified_gmt":"2017-12-05T22:39:26","slug":"presentacion-del-libro-la-escena-territorial-del-desarrollo-de-jose-arocena-y-javier-marsiglia","status":"publish","type":"post","link":"https:\/\/cvis3.cebem.org\/?p=1210","title":{"rendered":"Presentaci\u00f3n del libro: \u00abLa escena territorial del desarrollo\u00bb, de Jos\u00e9 Arocena y Javier Marsiglia"},"content":{"rendered":"<p><a href=\"https:\/\/i0.wp.com\/cvis3.cebem.org\/wp-content\/uploads\/2017\/12\/libro-La-escena-territorial-del-desarrollo.png?ssl=1\" target=\"_blank\" rel=\"noopener\"><img data-attachment-id=\"1211\" data-permalink=\"https:\/\/cvis3.cebem.org\/?attachment_id=1211\" data-orig-file=\"https:\/\/i0.wp.com\/cvis3.cebem.org\/wp-content\/uploads\/2017\/12\/libro-La-escena-territorial-del-desarrollo.png?fit=720%2C600&amp;ssl=1\" data-orig-size=\"720,600\" data-comments-opened=\"1\" data-image-meta=\"{&quot;aperture&quot;:&quot;0&quot;,&quot;credit&quot;:&quot;&quot;,&quot;camera&quot;:&quot;&quot;,&quot;caption&quot;:&quot;&quot;,&quot;created_timestamp&quot;:&quot;0&quot;,&quot;copyright&quot;:&quot;&quot;,&quot;focal_length&quot;:&quot;0&quot;,&quot;iso&quot;:&quot;0&quot;,&quot;shutter_speed&quot;:&quot;0&quot;,&quot;title&quot;:&quot;&quot;,&quot;orientation&quot;:&quot;0&quot;}\" data-image-title=\"libro-La escena territorial del desarrollo\" data-image-description=\"\" data-image-caption=\"\" data-medium-file=\"https:\/\/i0.wp.com\/cvis3.cebem.org\/wp-content\/uploads\/2017\/12\/libro-La-escena-territorial-del-desarrollo.png?fit=300%2C250&amp;ssl=1\" data-large-file=\"https:\/\/i0.wp.com\/cvis3.cebem.org\/wp-content\/uploads\/2017\/12\/libro-La-escena-territorial-del-desarrollo.png?fit=720%2C600&amp;ssl=1\" class=\"alignleft wp-image-1211\" src=\"https:\/\/i0.wp.com\/cvis3.cebem.org\/wp-content\/uploads\/2017\/12\/libro-La-escena-territorial-del-desarrollo.png?fit=900%2C333&#038;ssl=1\" alt=\"\" height=\"333\" srcset=\"https:\/\/i0.wp.com\/cvis3.cebem.org\/wp-content\/uploads\/2017\/12\/libro-La-escena-territorial-del-desarrollo.png?resize=300%2C250&amp;ssl=1 300w, https:\/\/i0.wp.com\/cvis3.cebem.org\/wp-content\/uploads\/2017\/12\/libro-La-escena-territorial-del-desarrollo.png?resize=600%2C500&amp;ssl=1 600w, https:\/\/i0.wp.com\/cvis3.cebem.org\/wp-content\/uploads\/2017\/12\/libro-La-escena-territorial-del-desarrollo.png?resize=150%2C125&amp;ssl=1 150w, https:\/\/i0.wp.com\/cvis3.cebem.org\/wp-content\/uploads\/2017\/12\/libro-La-escena-territorial-del-desarrollo.png?w=720&amp;ssl=1 720w\" sizes=\"(max-width: 300px) 100vw, 300px\" data-recalc-dims=\"1\" \/><\/a>Frecuentemente se ha pensado el desarrollo a partir de f\u00f3rmulas abstractas, generalizables. Pero eso supone prescindir de la enorme diversidad de la aventura humana al intentar responder a los interrogantes del devenir social, econ\u00f3mico, cultural, ambiental. Se olvida as\u00ed que esos procesos viven en el territorio y que es all\u00ed donde encuentran las claves que necesitan para construir humanidad.<\/p>\n<p>Este libro plantea, desde varios puntos de vista, la compleja relaci\u00f3n entre territorio y desarrollo. Propone un recorrido que pasa por los relatos que han ido estructurando una manera de pensar el desarrollo, por los actores que viven en el territorio y por las pol\u00edticas que pueden orientar los procesos de desarrollo territorial.<\/p>\n<p><strong>Los autores<\/strong><\/p>\n<p><strong>Jos\u00e9 Arocena.<\/strong> Licenciado en Filosof\u00eda y doctor en Sociolog\u00eda por la Escuela de Altos Estudios en Ciencias Sociales de Par\u00eds. Ocup\u00f3 cargos de direcci\u00f3n en la Universidad Cat\u00f3lica del Uruguay y en el CLAEH. Es profesor e investigador universitario en las \u00e1reas de desarrollo regional y local, y de an\u00e1lisis organizacional. Ha recibido diversos premios y reconocimientos. Ha sido profesor invitado en universidades de Europa y Am\u00e9rica Latina. Es evaluador de proyectos cient\u00edficos, doctorados y posdoctorados. Es autor de El desarrollo local. Un desaf\u00edo contempor\u00e1neo (Montevideo, Taurus-UCU, 2001, 2.\u00aa ed.), entre otras publicaciones. Actualmente preside la Corte Electoral de Uruguay.<\/p>\n<p><strong>Javier Marsiglia.<\/strong> Asistente social universitario egresado de la Universidad de la Rep\u00fablica, Uruguay. Diplomado en Planificaci\u00f3n Social por el ILPES-CEPAL. Mag\u00edster en Desarrollo Local por la Universidad Nacional de San Mart\u00edn, Argentina, y la Universidad Aut\u00f3noma de Madrid, Espa\u00f1a. Cursa estudios de doctorado en Ciencias Sociales en la Universidad Nacional de San Juan. Fue profesor e investigador en el CLAEH, en la Universidad Cat\u00f3lica y en la Universidad de la Rep\u00fablica en Uruguay. Es profesor titular efectivo e investigador en el Departamento de Sociolog\u00eda de la Facultad de Ciencias Sociales de la Universidad Nacional de San Juan, Argentina, y profesor en maestr\u00edas y posgrados en la regi\u00f3n en las tem\u00e1ticas de esta publicaci\u00f3n.<\/p>\n<p><strong>Lugar y fecha:<\/strong><\/p>\n<ul>\n<li>Jueves 7 de diciembre de 2017 a horas 15:00<\/li>\n<li>Facultad de Derecho, UDELAR, Av. 18 de julio 1824, sala 6. Montevideo<\/li>\n<li>Entrada Libre<\/li>\n<\/ul>\n<p><strong>M\u00e1s informaci\u00f3n y pedidos:<\/strong><\/p>\n<p><a href=\"mailto:publicaciones@claeh.edu.uy\">publicaciones@claeh.edu.uy<\/a><\/p>\n","protected":false},"excerpt":{"rendered":"<p>Frecuentemente se ha pensado el desarrollo a partir de f\u00f3rmulas abstractas, generalizables. Pero eso supone prescindir de la enorme diversidad de la aventura humana al intentar responder a los interrogantes del devenir social, econ\u00f3mico, cultural, ambiental. Se olvida as\u00ed que esos procesos viven en el territorio y que es all\u00ed\u2026<\/p>\n<p> <a class=\"continue-reading-link\" href=\"https:\/\/cvis3.cebem.org\/?p=1210\"><span>Continuar leyendo<\/span><i class=\"crycon-right-dir\"><\/i><\/a> <\/p>\n","protected":false},"author":1,"featured_media":1211,"comment_status":"open","ping_status":"closed","sticky":false,"template":"","format":"standard","meta":{"jetpack_publicize_message":"Presentaci\u00f3n del libro: \"La escena territorial del desarrollo\", de Jos\u00e9 Arocena y Javier Marsiglia","jetpack_is_tweetstorm":false,"jetpack_publicize_feature_enabled":true},"categories":[5],"tags":[26,16],"jetpack_publicize_connections":[],"jetpack_featured_media_url":"https:\/\/i0.wp.com\/cvis3.cebem.org\/wp-content\/uploads\/2017\/12\/libro-La-escena-territorial-del-desarrollo.png?fit=720%2C600&ssl=1","jetpack_sharing_enabled":true,"jetpack-related-posts":[],"_links":{"self":[{"href":"https:\/\/cvis3.cebem.org\/index.php?rest_route=\/wp\/v2\/posts\/1210"}],"collection":[{"href":"https:\/\/cvis3.cebem.org\/index.php?rest_route=\/wp\/v2\/posts"}],"about":[{"href":"https:\/\/cvis3.cebem.org\/index.php?rest_route=\/wp\/v2\/types\/post"}],"author":[{"embeddable":true,"href":"https:\/\/cvis3.cebem.org\/index.php?rest_route=\/wp\/v2\/users\/1"}],"replies":[{"embeddable":true,"href":"https:\/\/cvis3.cebem.org\/index.php?rest_route=%2Fwp%2Fv2%2Fcomments&post=1210"}],"version-history":[{"count":1,"href":"https:\/\/cvis3.cebem.org\/index.php?rest_route=\/wp\/v2\/posts\/1210\/revisions"}],"predecessor-version":[{"id":1212,"href":"https:\/\/cvis3.cebem.org\/index.php?rest_route=\/wp\/v2\/posts\/1210\/revisions\/1212"}],"wp:featuredmedia":[{"embeddable":true,"href":"https:\/\/cvis3.cebem.org\/index.php?rest_route=\/wp\/v2\/media\/1211"}],"wp:attachment":[{"href":"https:\/\/cvis3.cebem.org\/index.php?rest_route=%2Fwp%2Fv2%2Fmedia&parent=1210"}],"wp:term":[{"taxonomy":"category","embeddable":true,"href":"https:\/\/cvis3.cebem.org\/index.php?rest_route=%2Fwp%2Fv2%2Fcategories&post=1210"},{"taxonomy":"post_tag","embeddable":true,"href":"https:\/\/cvis3.cebem.org\/index.php?rest_route=%2Fwp%2Fv2%2Ftags&post=1210"}],"curies":[{"name":"wp","href":"https:\/\/api.w.org\/{rel}","templated":true}]}}