{"id":1216,"date":"2017-12-07T12:31:08","date_gmt":"2017-12-07T16:31:08","guid":{"rendered":"http:\/\/cvis3.cebem.org\/?p=1216"},"modified":"2017-12-07T12:31:08","modified_gmt":"2017-12-07T16:31:08","slug":"lanzamiento-de-la-sociedad-latinoamericana-de-desarrollo-local-territorial","status":"publish","type":"post","link":"https:\/\/cvis3.cebem.org\/?p=1216","title":{"rendered":"Lanzamiento de la Sociedad Latinoamericana de Desarrollo Local &#8211; Territorial"},"content":{"rendered":"<p><a href=\"https:\/\/i0.wp.com\/cvis3.cebem.org\/wp-content\/uploads\/2017\/12\/IMG-20171206-WA0003.jpg?ssl=1\"><img data-attachment-id=\"1217\" data-permalink=\"https:\/\/cvis3.cebem.org\/?attachment_id=1217\" data-orig-file=\"https:\/\/i0.wp.com\/cvis3.cebem.org\/wp-content\/uploads\/2017\/12\/IMG-20171206-WA0003.jpg?fit=600%2C315&amp;ssl=1\" data-orig-size=\"600,315\" data-comments-opened=\"1\" data-image-meta=\"{&quot;aperture&quot;:&quot;0&quot;,&quot;credit&quot;:&quot;&quot;,&quot;camera&quot;:&quot;&quot;,&quot;caption&quot;:&quot;&quot;,&quot;created_timestamp&quot;:&quot;0&quot;,&quot;copyright&quot;:&quot;&quot;,&quot;focal_length&quot;:&quot;0&quot;,&quot;iso&quot;:&quot;0&quot;,&quot;shutter_speed&quot;:&quot;0&quot;,&quot;title&quot;:&quot;&quot;,&quot;orientation&quot;:&quot;1&quot;}\" data-image-title=\"IMG-20171206-WA0003\" data-image-description=\"\" data-image-caption=\"\" data-medium-file=\"https:\/\/i0.wp.com\/cvis3.cebem.org\/wp-content\/uploads\/2017\/12\/IMG-20171206-WA0003.jpg?fit=300%2C158&amp;ssl=1\" data-large-file=\"https:\/\/i0.wp.com\/cvis3.cebem.org\/wp-content\/uploads\/2017\/12\/IMG-20171206-WA0003.jpg?fit=600%2C315&amp;ssl=1\" loading=\"lazy\" class=\"aligncenter size-medium wp-image-1217\" src=\"https:\/\/i0.wp.com\/cvis3.cebem.org\/wp-content\/uploads\/2017\/12\/IMG-20171206-WA0003.jpg?resize=300%2C158&#038;ssl=1\" alt=\"\" width=\"300\" height=\"158\" srcset=\"https:\/\/i0.wp.com\/cvis3.cebem.org\/wp-content\/uploads\/2017\/12\/IMG-20171206-WA0003.jpg?resize=300%2C158&amp;ssl=1 300w, https:\/\/i0.wp.com\/cvis3.cebem.org\/wp-content\/uploads\/2017\/12\/IMG-20171206-WA0003.jpg?w=600&amp;ssl=1 600w, https:\/\/i0.wp.com\/cvis3.cebem.org\/wp-content\/uploads\/2017\/12\/IMG-20171206-WA0003.jpg?resize=150%2C79&amp;ssl=1 150w\" sizes=\"(max-width: 300px) 100vw, 300px\" data-recalc-dims=\"1\" \/><\/a>\u201cNuestro papel preponderante ser\u00e1 el de contribuir di\u00e1logos amplios, buscar compromiso, , formar personas e instituciones, difundir m\u00e9todos y herramientas de actuaci\u00f3n.\u201d<\/p>\n<p>En el marco del\u00a0\u00a0 II Foro Internacional de Desarrollo Econ\u00f3mico Local , realizado en la ciudad de C\u00f3rdoba, Argentina, integrantes de varias instituciones pertenecientes que trabajan en el desarrollo local \u2013 territorial lanzaron la Sociedad Latinoamericana de Desarrollo Local \u2013 Territorial..<\/p>\n<p>\u201cNo pretendemos liderar nada, sino dar protagonismo a los actores locales y acercar a personas e instituciones que quieran ver y hacer sus comunidades mejores y generar prosperidad continuada.\u201d<\/p>\n<h5><a href=\"http:\/\/www.conectadel.org\/rotador\/lanzamiento-de-la-sociedad-latinoamericana-de-desarrollo-local-territorial\/\" target=\"_blank\" rel=\"noopener\"><strong>M\u00e1s informaci\u00f3n<\/strong><\/a><\/h5>\n","protected":false},"excerpt":{"rendered":"<p>\u201cNuestro papel preponderante ser\u00e1 el de contribuir di\u00e1logos amplios, buscar compromiso, , formar personas e instituciones, difundir m\u00e9todos y herramientas de actuaci\u00f3n.\u201d En el marco del\u00a0\u00a0 II Foro Internacional de Desarrollo Econ\u00f3mico Local , realizado en la ciudad de C\u00f3rdoba, Argentina, integrantes de varias instituciones pertenecientes que trabajan en el\u2026<\/p>\n<p> <a class=\"continue-reading-link\" href=\"https:\/\/cvis3.cebem.org\/?p=1216\"><span>Continuar leyendo<\/span><i class=\"crycon-right-dir\"><\/i><\/a> <\/p>\n","protected":false},"author":1,"featured_media":1217,"comment_status":"open","ping_status":"closed","sticky":false,"template":"","format":"standard","meta":{"jetpack_publicize_message":"Lanzamiento de la Sociedad Latinoamericana de Desarrollo Local - Territorial","jetpack_is_tweetstorm":false,"jetpack_publicize_feature_enabled":true},"categories":[5],"tags":[37,24],"jetpack_publicize_connections":[],"jetpack_featured_media_url":"https:\/\/i0.wp.com\/cvis3.cebem.org\/wp-content\/uploads\/2017\/12\/IMG-20171206-WA0003.jpg?fit=600%2C315&ssl=1","jetpack_sharing_enabled":true,"jetpack-related-posts":[],"_links":{"self":[{"href":"https:\/\/cvis3.cebem.org\/index.php?rest_route=\/wp\/v2\/posts\/1216"}],"collection":[{"href":"https:\/\/cvis3.cebem.org\/index.php?rest_route=\/wp\/v2\/posts"}],"about":[{"href":"https:\/\/cvis3.cebem.org\/index.php?rest_route=\/wp\/v2\/types\/post"}],"author":[{"embeddable":true,"href":"https:\/\/cvis3.cebem.org\/index.php?rest_route=\/wp\/v2\/users\/1"}],"replies":[{"embeddable":true,"href":"https:\/\/cvis3.cebem.org\/index.php?rest_route=%2Fwp%2Fv2%2Fcomments&post=1216"}],"version-history":[{"count":1,"href":"https:\/\/cvis3.cebem.org\/index.php?rest_route=\/wp\/v2\/posts\/1216\/revisions"}],"predecessor-version":[{"id":1218,"href":"https:\/\/cvis3.cebem.org\/index.php?rest_route=\/wp\/v2\/posts\/1216\/revisions\/1218"}],"wp:featuredmedia":[{"embeddable":true,"href":"https:\/\/cvis3.cebem.org\/index.php?rest_route=\/wp\/v2\/media\/1217"}],"wp:attachment":[{"href":"https:\/\/cvis3.cebem.org\/index.php?rest_route=%2Fwp%2Fv2%2Fmedia&parent=1216"}],"wp:term":[{"taxonomy":"category","embeddable":true,"href":"https:\/\/cvis3.cebem.org\/index.php?rest_route=%2Fwp%2Fv2%2Fcategories&post=1216"},{"taxonomy":"post_tag","embeddable":true,"href":"https:\/\/cvis3.cebem.org\/index.php?rest_route=%2Fwp%2Fv2%2Ftags&post=1216"}],"curies":[{"name":"wp","href":"https:\/\/api.w.org\/{rel}","templated":true}]}}