{"id":1224,"date":"2017-12-14T09:47:05","date_gmt":"2017-12-14T13:47:05","guid":{"rendered":"http:\/\/cvis3.cebem.org\/?p=1224"},"modified":"2017-12-14T09:47:05","modified_gmt":"2017-12-14T13:47:05","slug":"piden-aprovechar-al-maximo-premio-de-turismo-cultural","status":"publish","type":"post","link":"https:\/\/cvis3.cebem.org\/?p=1224","title":{"rendered":"Piden aprovechar al m\u00e1ximo premio de turismo cultural."},"content":{"rendered":"<p><strong><a href=\"https:\/\/i0.wp.com\/cvis3.cebem.org\/wp-content\/uploads\/2017\/12\/robore_.png_1775534641.png?ssl=1\"><img data-attachment-id=\"1225\" data-permalink=\"https:\/\/cvis3.cebem.org\/?attachment_id=1225\" data-orig-file=\"https:\/\/i0.wp.com\/cvis3.cebem.org\/wp-content\/uploads\/2017\/12\/robore_.png_1775534641.png?fit=623%2C350&amp;ssl=1\" data-orig-size=\"623,350\" data-comments-opened=\"1\" data-image-meta=\"{&quot;aperture&quot;:&quot;0&quot;,&quot;credit&quot;:&quot;&quot;,&quot;camera&quot;:&quot;&quot;,&quot;caption&quot;:&quot;&quot;,&quot;created_timestamp&quot;:&quot;0&quot;,&quot;copyright&quot;:&quot;&quot;,&quot;focal_length&quot;:&quot;0&quot;,&quot;iso&quot;:&quot;0&quot;,&quot;shutter_speed&quot;:&quot;0&quot;,&quot;title&quot;:&quot;&quot;,&quot;orientation&quot;:&quot;0&quot;}\" data-image-title=\"robore_.png_1775534641\" data-image-description=\"\" data-image-caption=\"\" data-medium-file=\"https:\/\/i0.wp.com\/cvis3.cebem.org\/wp-content\/uploads\/2017\/12\/robore_.png_1775534641.png?fit=300%2C169&amp;ssl=1\" data-large-file=\"https:\/\/i0.wp.com\/cvis3.cebem.org\/wp-content\/uploads\/2017\/12\/robore_.png_1775534641.png?fit=623%2C350&amp;ssl=1\" loading=\"lazy\" class=\"aligncenter wp-image-1225\" src=\"https:\/\/i0.wp.com\/cvis3.cebem.org\/wp-content\/uploads\/2017\/12\/robore_.png_1775534641.png?resize=401%2C225&#038;ssl=1\" alt=\"\" width=\"401\" height=\"225\" srcset=\"https:\/\/i0.wp.com\/cvis3.cebem.org\/wp-content\/uploads\/2017\/12\/robore_.png_1775534641.png?resize=300%2C169&amp;ssl=1 300w, https:\/\/i0.wp.com\/cvis3.cebem.org\/wp-content\/uploads\/2017\/12\/robore_.png_1775534641.png?resize=600%2C337&amp;ssl=1 600w, https:\/\/i0.wp.com\/cvis3.cebem.org\/wp-content\/uploads\/2017\/12\/robore_.png_1775534641.png?resize=150%2C84&amp;ssl=1 150w, https:\/\/i0.wp.com\/cvis3.cebem.org\/wp-content\/uploads\/2017\/12\/robore_.png_1775534641.png?w=623&amp;ssl=1 623w\" sizes=\"(max-width: 401px) 100vw, 401px\" data-recalc-dims=\"1\" \/><\/a>Representantes de instituciones y agencias de viajes aplauden la elecci\u00f3n de Bolivia como mejor destino cultural del mundo, realizada por la World Travel Awards<\/strong><\/p>\n<p>Bolivia obtuvo el domingo en Vietnam un importante logro: fue elegido como el mejor destino tur\u00edstico cultural de todo el mundo por la World Travel Awards, imponi\u00e9ndose en la final a pa\u00edses como China, Francia, la India, Italia, M\u00e9xico, Nueva Zelanda, Rusia y el propio Vietnam.<br \/>\nEsta elecci\u00f3n, que se define mediante votaci\u00f3n a nivel global de ejecutivos de agencias de viajes y turismo y de los propios turistas, ha sido definida como muy especial y necesaria por representantes de alcald\u00edas, instituciones y operadores de turismo de Bolivia, sobre todo de la regi\u00f3n oriental, donde ven que no se da el mismo apoyo de parte del Estado con relaci\u00f3n a otros sitios.<\/p>\n<p>\u201cYo creo que eso es un gran paso para el pa\u00eds en el sentido de poder consolidar el turismo, porque al final uno accede a ir a un pa\u00eds por la cultura que tiene y nosotros tenemos mucha cultura viva, a\u00fan latente\u201d, dijo Mois\u00e9s Salces, alcalde de San Ignacio de Velasco, uno de los municipios cruce\u00f1os en los que est\u00e1n presentes las Misiones Jesu\u00edticas. \u201cEspero que esto ayude a cambiar nuestra situaci\u00f3n, p orque los municipios chiquitanos estamos en un abandono total y rotundo de parte del Ministerio de Culturas desde siempre. Existe un divorcio entre el occidente y el oriente en este sentido\u201d, afirm\u00f3 Salces.<\/p>\n<p>Por su parte, Rubens Barbery, presidente del Cepad, que coordina diferentes actividades y festivales en la regi\u00f3n chiquitana, mencion\u00f3 que el premio es una noticia extraordinaria desde el punto de vista de las potencialidades tur\u00edsticas. \u201cHay atractivos tur\u00edsticos que esperemos que sean m\u00e1s reconocidos desde ahora. Por ejemplo, las pinturas rupestres de San Jos\u00e9 de Chiquitos tienen m\u00e1s de 5.000 a\u00f1os de antig\u00fcedad y hasta ahora no se han estudiado a profundidad. O tambi\u00e9n la zona de Pocona, en Cochabamba\u201d, indic\u00f3 Barbery, quien agreg\u00f3 que la gesti\u00f3n para obtener este premio ha sido muy buena y ahora queda alinearse entre todos para mantener este t\u00edtulo.<\/p>\n<p><strong>Apropiarse del premio<\/strong><br \/>\nRoberto Tibusa, alcalde de San Ignacio de Moxos (Beni), se mostr\u00f3 contento con el galard\u00f3n porque es el tipo de reconocimiento que estaban buscando, afirm\u00f3. \u201cNosotros somos patrimonio cultural y seguimos formando parte de toda esta cultura viva\u201d, se\u00f1al\u00f3 Tibusa.<\/p>\n<p>San Ignacio de Moxos fue nombrado Patrimonio Cultural de la Humanidad por parte de la Unesco en 2012. \u201cComo municipio hemos venido trabajando muy duro para seguir manteniendo ese t\u00edtulo. Nos han dado ayuda de la Gobernaci\u00f3n de Beni para esto, aunque no mucha; tambi\u00e9n hemos venido reclam\u00e1ndola del Ministerio de Culturas, queremos que nos den m\u00e1s atenci\u00f3n. Ojal\u00e1 que el 2018 nos den lo que corresponde\u201d<\/p>\n<p>Finalmente, Ra\u00fal Calvimontes, director de la C\u00e1mara Nacional de Operadores de Turismo, dijo que este es un nombramiento muy especial. \u201cEs una maravilla, primero porque hemos competido con pa\u00edses como China y esto va a repercutir en la llegada de Turistas\u201d, explic\u00f3 Calvimontes.<\/p>\n<p>\u201cActualmente las demandas tur\u00edsticas son de estilo cultural, natural y temas del medioambiente, entonces, hay mucha gente que va a preferir Bolivia\u201d, agreg\u00f3 Calvimontes, que exige que el Estado convierta el premio a mejor destino tur\u00edstico como una pol\u00edtica de Estado y que todos los bolivianos se apropien de ella.<\/p>\n<h4><strong>Fuente: <a href=\"http:\/\/ibce.org.bo\/principales-noticias-bolivia\/noticias-nacionales-detalle.php?id=82887&amp;idPeriodico=4&amp;fecha=2017-12-12\" target=\"_blank\" rel=\"noopener\">IBCE<\/a><\/strong><\/h4>\n","protected":false},"excerpt":{"rendered":"<p>Representantes de instituciones y agencias de viajes aplauden la elecci\u00f3n de Bolivia como mejor destino cultural del mundo, realizada por la World Travel Awards Bolivia obtuvo el domingo en Vietnam un importante logro: fue elegido como el mejor destino tur\u00edstico cultural de todo el mundo por la World Travel Awards,\u2026<\/p>\n<p> <a class=\"continue-reading-link\" href=\"https:\/\/cvis3.cebem.org\/?p=1224\"><span>Continuar leyendo<\/span><i class=\"crycon-right-dir\"><\/i><\/a> <\/p>\n","protected":false},"author":1,"featured_media":1225,"comment_status":"open","ping_status":"closed","sticky":false,"template":"","format":"standard","meta":{"jetpack_publicize_message":"Piden aprovechar al m\u00e1ximo premio de turismo cultural.","jetpack_is_tweetstorm":false,"jetpack_publicize_feature_enabled":true},"categories":[5],"tags":[37,27],"jetpack_publicize_connections":[],"jetpack_featured_media_url":"https:\/\/i0.wp.com\/cvis3.cebem.org\/wp-content\/uploads\/2017\/12\/robore_.png_1775534641.png?fit=623%2C350&ssl=1","jetpack_sharing_enabled":true,"jetpack-related-posts":[],"_links":{"self":[{"href":"https:\/\/cvis3.cebem.org\/index.php?rest_route=\/wp\/v2\/posts\/1224"}],"collection":[{"href":"https:\/\/cvis3.cebem.org\/index.php?rest_route=\/wp\/v2\/posts"}],"about":[{"href":"https:\/\/cvis3.cebem.org\/index.php?rest_route=\/wp\/v2\/types\/post"}],"author":[{"embeddable":true,"href":"https:\/\/cvis3.cebem.org\/index.php?rest_route=\/wp\/v2\/users\/1"}],"replies":[{"embeddable":true,"href":"https:\/\/cvis3.cebem.org\/index.php?rest_route=%2Fwp%2Fv2%2Fcomments&post=1224"}],"version-history":[{"count":1,"href":"https:\/\/cvis3.cebem.org\/index.php?rest_route=\/wp\/v2\/posts\/1224\/revisions"}],"predecessor-version":[{"id":1226,"href":"https:\/\/cvis3.cebem.org\/index.php?rest_route=\/wp\/v2\/posts\/1224\/revisions\/1226"}],"wp:featuredmedia":[{"embeddable":true,"href":"https:\/\/cvis3.cebem.org\/index.php?rest_route=\/wp\/v2\/media\/1225"}],"wp:attachment":[{"href":"https:\/\/cvis3.cebem.org\/index.php?rest_route=%2Fwp%2Fv2%2Fmedia&parent=1224"}],"wp:term":[{"taxonomy":"category","embeddable":true,"href":"https:\/\/cvis3.cebem.org\/index.php?rest_route=%2Fwp%2Fv2%2Fcategories&post=1224"},{"taxonomy":"post_tag","embeddable":true,"href":"https:\/\/cvis3.cebem.org\/index.php?rest_route=%2Fwp%2Fv2%2Ftags&post=1224"}],"curies":[{"name":"wp","href":"https:\/\/api.w.org\/{rel}","templated":true}]}}