{"id":1283,"date":"2018-01-24T08:30:03","date_gmt":"2018-01-24T12:30:03","guid":{"rendered":"http:\/\/cvis3.cebem.org\/?p=1283"},"modified":"2018-01-23T11:26:25","modified_gmt":"2018-01-23T15:26:25","slug":"especializacion-planificacion-de-territorios-competitivos-y-sostenibles","status":"publish","type":"post","link":"https:\/\/cvis3.cebem.org\/?p=1283","title":{"rendered":"Especializaci\u00f3n: Planificaci\u00f3n de Territorios Competitivos y Sostenibles"},"content":{"rendered":"<p><a href=\"https:\/\/i0.wp.com\/cvis3.cebem.org\/wp-content\/uploads\/2018\/01\/uim-planificacion.jpg?ssl=1\"><img data-attachment-id=\"1284\" data-permalink=\"https:\/\/cvis3.cebem.org\/?attachment_id=1284\" data-orig-file=\"https:\/\/i0.wp.com\/cvis3.cebem.org\/wp-content\/uploads\/2018\/01\/uim-planificacion.jpg?fit=500%2C500&amp;ssl=1\" data-orig-size=\"500,500\" data-comments-opened=\"1\" data-image-meta=\"{&quot;aperture&quot;:&quot;0&quot;,&quot;credit&quot;:&quot;&quot;,&quot;camera&quot;:&quot;&quot;,&quot;caption&quot;:&quot;&quot;,&quot;created_timestamp&quot;:&quot;0&quot;,&quot;copyright&quot;:&quot;&quot;,&quot;focal_length&quot;:&quot;0&quot;,&quot;iso&quot;:&quot;0&quot;,&quot;shutter_speed&quot;:&quot;0&quot;,&quot;title&quot;:&quot;&quot;,&quot;orientation&quot;:&quot;0&quot;}\" data-image-title=\"uim-planificacion\" data-image-description=\"\" data-image-caption=\"\" data-medium-file=\"https:\/\/i0.wp.com\/cvis3.cebem.org\/wp-content\/uploads\/2018\/01\/uim-planificacion.jpg?fit=300%2C300&amp;ssl=1\" data-large-file=\"https:\/\/i0.wp.com\/cvis3.cebem.org\/wp-content\/uploads\/2018\/01\/uim-planificacion.jpg?fit=500%2C500&amp;ssl=1\" loading=\"lazy\" class=\"aligncenter size-medium wp-image-1284\" src=\"https:\/\/i0.wp.com\/cvis3.cebem.org\/wp-content\/uploads\/2018\/01\/uim-planificacion.jpg?resize=300%2C300&#038;ssl=1\" alt=\"\" width=\"300\" height=\"300\" srcset=\"https:\/\/i0.wp.com\/cvis3.cebem.org\/wp-content\/uploads\/2018\/01\/uim-planificacion.jpg?resize=300%2C300&amp;ssl=1 300w, https:\/\/i0.wp.com\/cvis3.cebem.org\/wp-content\/uploads\/2018\/01\/uim-planificacion.jpg?resize=150%2C150&amp;ssl=1 150w, https:\/\/i0.wp.com\/cvis3.cebem.org\/wp-content\/uploads\/2018\/01\/uim-planificacion.jpg?w=500&amp;ssl=1 500w\" sizes=\"(max-width: 300px) 100vw, 300px\" data-recalc-dims=\"1\" \/><\/a>21\u00a0de mayo al 21\u00a0de octubre<\/p>\n<p>Mediante este curso de especializaci\u00f3n se combina el estudio de los fundamentos te\u00f3ricos en materia urban\u00edstica con una completa formaci\u00f3n pr\u00e1ctica que incluye el an\u00e1lisis comparado de diferentes realidades urbanas, de forma tal que los participantes aprendan a adoptar una visi\u00f3n estrat\u00e9gica que les permita dise\u00f1ar propuestas innovadoras para gestionar un conjunto de factores complejos que inciden en el dise\u00f1o de la ciudad.<\/p>\n<p>Entre los contenidos acad\u00e9micos que abordara el programa tenemos: Las pol\u00edticas p\u00fablicas, y el rol que cumple el gobierno en el territorio, la planificaci\u00f3n y nuevas formas de gesti\u00f3n, los aspectos claves de la econom\u00eda urbana para el desarrollo sostenible, los par\u00e1metros medio ambientales en el dise\u00f1o arquitect\u00f3nico, desarrollo urbano y gesti\u00f3n estrat\u00e9gica de la ciudad, as\u00ed como se le mostrara a los participantes, experiencias de gesti\u00f3n a nivel energ\u00e9tico, medio ambiental, y planea de desarrollo entre otros, con lo que podr\u00e1n comparar las realidades de sus pa\u00edses.<\/p>\n<p><strong>OBJETIVOS<\/strong><\/p>\n<ul>\n<li>Dotar de los instrumentos normativos que condicionan las pautas a seguir para el desarrollo de un plan urbano-sostenible.<\/li>\n<li>Integrar la formaci\u00f3n ambiental del t\u00e9cnico urbanista.<\/li>\n<li>Fomentar que la planificaci\u00f3n urban\u00edstica sea complementada con criterios de sostenibilidad ambiental.<\/li>\n<li>Incorporar conocimientos y t\u00e9cnicas para generar espacios competitivos, oportunidades de negocio e inversi\u00f3n a trav\u00e9s de la colaboraci\u00f3n de agentes p\u00fablicos y privados<\/li>\n<\/ul>\n<p><strong>PERFIL DEL PARTICIPANTE<\/strong><\/p>\n<p>Est\u00e1 destinado a todas aquellas personas interesadas en ampliar sus conocimientos sobre urbanismo y ordenamiento territorial. Dirigido tanto a personal directivo y t\u00e9cnico de las distintas Administraciones P\u00fablicas y a profesionales que trabajan en el Sector P\u00fablico, en empresas urbanizadoras y de construcci\u00f3n, as\u00ed como a los profesionales que quieran formarse en esta tem\u00e1tica.<\/p>\n<h4><a href=\"http:\/\/www.pga.uimunicipalistas.org\/catalogo\/356\" target=\"_blank\" rel=\"noopener\"><strong>M\u00e1s informaci\u00f3n<\/strong><\/a><\/h4>\n","protected":false},"excerpt":{"rendered":"<p>21\u00a0de mayo al 21\u00a0de octubre Mediante este curso de especializaci\u00f3n se combina el estudio de los fundamentos te\u00f3ricos en materia urban\u00edstica con una completa formaci\u00f3n pr\u00e1ctica que incluye el an\u00e1lisis comparado de diferentes realidades urbanas, de forma tal que los participantes aprendan a adoptar una visi\u00f3n estrat\u00e9gica que les permita\u2026<\/p>\n<p> <a class=\"continue-reading-link\" href=\"https:\/\/cvis3.cebem.org\/?p=1283\"><span>Continuar leyendo<\/span><i class=\"crycon-right-dir\"><\/i><\/a> <\/p>\n","protected":false},"author":1,"featured_media":1284,"comment_status":"open","ping_status":"closed","sticky":false,"template":"","format":"standard","meta":{"jetpack_publicize_message":"","jetpack_is_tweetstorm":false,"jetpack_publicize_feature_enabled":true},"categories":[5],"tags":[39,31],"jetpack_publicize_connections":[],"jetpack_featured_media_url":"https:\/\/i0.wp.com\/cvis3.cebem.org\/wp-content\/uploads\/2018\/01\/uim-planificacion.jpg?fit=500%2C500&ssl=1","jetpack_sharing_enabled":true,"jetpack-related-posts":[],"_links":{"self":[{"href":"https:\/\/cvis3.cebem.org\/index.php?rest_route=\/wp\/v2\/posts\/1283"}],"collection":[{"href":"https:\/\/cvis3.cebem.org\/index.php?rest_route=\/wp\/v2\/posts"}],"about":[{"href":"https:\/\/cvis3.cebem.org\/index.php?rest_route=\/wp\/v2\/types\/post"}],"author":[{"embeddable":true,"href":"https:\/\/cvis3.cebem.org\/index.php?rest_route=\/wp\/v2\/users\/1"}],"replies":[{"embeddable":true,"href":"https:\/\/cvis3.cebem.org\/index.php?rest_route=%2Fwp%2Fv2%2Fcomments&post=1283"}],"version-history":[{"count":1,"href":"https:\/\/cvis3.cebem.org\/index.php?rest_route=\/wp\/v2\/posts\/1283\/revisions"}],"predecessor-version":[{"id":1285,"href":"https:\/\/cvis3.cebem.org\/index.php?rest_route=\/wp\/v2\/posts\/1283\/revisions\/1285"}],"wp:featuredmedia":[{"embeddable":true,"href":"https:\/\/cvis3.cebem.org\/index.php?rest_route=\/wp\/v2\/media\/1284"}],"wp:attachment":[{"href":"https:\/\/cvis3.cebem.org\/index.php?rest_route=%2Fwp%2Fv2%2Fmedia&parent=1283"}],"wp:term":[{"taxonomy":"category","embeddable":true,"href":"https:\/\/cvis3.cebem.org\/index.php?rest_route=%2Fwp%2Fv2%2Fcategories&post=1283"},{"taxonomy":"post_tag","embeddable":true,"href":"https:\/\/cvis3.cebem.org\/index.php?rest_route=%2Fwp%2Fv2%2Ftags&post=1283"}],"curies":[{"name":"wp","href":"https:\/\/api.w.org\/{rel}","templated":true}]}}