{"id":1306,"date":"2018-02-04T09:49:59","date_gmt":"2018-02-04T13:49:59","guid":{"rendered":"http:\/\/cvis3.cebem.org\/?p=1306"},"modified":"2018-02-04T09:49:59","modified_gmt":"2018-02-04T13:49:59","slug":"1era-convocatoria-regional-experiencias-que-marcan-la-diferencia-igualdad-de-genero-y-empoderamiento-economico-de-las-mujeres-en-los-territorios-de-america-latina-y-el-caribe-en-el-marco-de","status":"publish","type":"post","link":"https:\/\/cvis3.cebem.org\/?p=1306","title":{"rendered":"1era Convocatoria Regional \u201cExperiencias que marcan la diferencia: Igualdad de G\u00e9nero y Empoderamiento econ\u00f3mico de las mujeres en los Territorios de Am\u00e9rica Latina y el Caribe en el marco de localizaci\u00f3n de los ODS\u201d"},"content":{"rendered":"<p><a href=\"https:\/\/i0.wp.com\/cvis3.cebem.org\/wp-content\/uploads\/2018\/02\/banner-convocatoria-alg-es-6.jpg?ssl=1\"><img data-attachment-id=\"1307\" data-permalink=\"https:\/\/cvis3.cebem.org\/?attachment_id=1307\" data-orig-file=\"https:\/\/i0.wp.com\/cvis3.cebem.org\/wp-content\/uploads\/2018\/02\/banner-convocatoria-alg-es-6.jpg?fit=1200%2C570&amp;ssl=1\" data-orig-size=\"1200,570\" data-comments-opened=\"1\" data-image-meta=\"{&quot;aperture&quot;:&quot;0&quot;,&quot;credit&quot;:&quot;&quot;,&quot;camera&quot;:&quot;&quot;,&quot;caption&quot;:&quot;&quot;,&quot;created_timestamp&quot;:&quot;0&quot;,&quot;copyright&quot;:&quot;&quot;,&quot;focal_length&quot;:&quot;0&quot;,&quot;iso&quot;:&quot;0&quot;,&quot;shutter_speed&quot;:&quot;0&quot;,&quot;title&quot;:&quot;&quot;,&quot;orientation&quot;:&quot;0&quot;}\" data-image-title=\"banner-convocatoria-alg-es-6\" data-image-description=\"\" data-image-caption=\"\" data-medium-file=\"https:\/\/i0.wp.com\/cvis3.cebem.org\/wp-content\/uploads\/2018\/02\/banner-convocatoria-alg-es-6.jpg?fit=300%2C143&amp;ssl=1\" data-large-file=\"https:\/\/i0.wp.com\/cvis3.cebem.org\/wp-content\/uploads\/2018\/02\/banner-convocatoria-alg-es-6.jpg?fit=900%2C427&amp;ssl=1\" loading=\"lazy\" class=\"aligncenter wp-image-1307\" src=\"https:\/\/i0.wp.com\/cvis3.cebem.org\/wp-content\/uploads\/2018\/02\/banner-convocatoria-alg-es-6.jpg?resize=501%2C238&#038;ssl=1\" alt=\"\" width=\"501\" height=\"238\" srcset=\"https:\/\/i0.wp.com\/cvis3.cebem.org\/wp-content\/uploads\/2018\/02\/banner-convocatoria-alg-es-6.jpg?resize=300%2C143&amp;ssl=1 300w, https:\/\/i0.wp.com\/cvis3.cebem.org\/wp-content\/uploads\/2018\/02\/banner-convocatoria-alg-es-6.jpg?resize=768%2C365&amp;ssl=1 768w, https:\/\/i0.wp.com\/cvis3.cebem.org\/wp-content\/uploads\/2018\/02\/banner-convocatoria-alg-es-6.jpg?resize=1024%2C486&amp;ssl=1 1024w, https:\/\/i0.wp.com\/cvis3.cebem.org\/wp-content\/uploads\/2018\/02\/banner-convocatoria-alg-es-6.jpg?resize=600%2C285&amp;ssl=1 600w, https:\/\/i0.wp.com\/cvis3.cebem.org\/wp-content\/uploads\/2018\/02\/banner-convocatoria-alg-es-6.jpg?resize=150%2C71&amp;ssl=1 150w, https:\/\/i0.wp.com\/cvis3.cebem.org\/wp-content\/uploads\/2018\/02\/banner-convocatoria-alg-es-6.jpg?w=1200&amp;ssl=1 1200w\" sizes=\"(max-width: 501px) 100vw, 501px\" data-recalc-dims=\"1\" \/><\/a>Fecha l\u00edmite de postulaci\u00f3n: 28 de febrero de 2018<\/p>\n<p>La 1era Convocatoria Regional \u201cExperiencias que marcan la diferencia: Igualdad de g\u00e9nero y Empoderamiento econ\u00f3mico de las mujeres en los Territorios\u201d busca reconocer, valorar, fortalecer y socializar las buenas experiencias de Desarrollo Econ\u00f3mico Local (DEL) con enfoque de g\u00e9nero que existen y que son potencialmente transferibles y replicables.<\/p>\n<p>Le invitamos a registrarse y postular su experiencia.<\/p>\n<h4><a href=\"http:\/\/americalatinagenera.org\/newsite\/index.php\/es\/nuestro-trabajo\/economia-y-trabajo\/3129-desarrollo-economico-local#convocatoria-a-las-buenas-practicas\" target=\"_blank\" rel=\"noopener\"><strong>M\u00e1s informaci\u00f3n<\/strong><\/a><\/h4>\n","protected":false},"excerpt":{"rendered":"<p>Fecha l\u00edmite de postulaci\u00f3n: 28 de febrero de 2018 La 1era Convocatoria Regional \u201cExperiencias que marcan la diferencia: Igualdad de g\u00e9nero y Empoderamiento econ\u00f3mico de las mujeres en los Territorios\u201d busca reconocer, valorar, fortalecer y socializar las buenas experiencias de Desarrollo Econ\u00f3mico Local (DEL) con enfoque de g\u00e9nero que existen\u2026<\/p>\n<p> <a class=\"continue-reading-link\" href=\"https:\/\/cvis3.cebem.org\/?p=1306\"><span>Continuar leyendo<\/span><i class=\"crycon-right-dir\"><\/i><\/a> <\/p>\n","protected":false},"author":1,"featured_media":1307,"comment_status":"open","ping_status":"closed","sticky":false,"template":"","format":"standard","meta":{"jetpack_publicize_message":"1era #Convocatoria Regional \u201cExperiencias que marcan la diferencia: Igualdad de #G\u00e9nero y Empoderamiento econ\u00f3mico de las mujeres en los Territorios de Am\u00e9rica Latina y el Caribe en el marco de localizaci\u00f3n de los ODS\u201d\r\n\r\nFecha l\u00edmite de postulaci\u00f3n: 28 de febrero de 2018","jetpack_is_tweetstorm":false,"jetpack_publicize_feature_enabled":true},"categories":[5],"tags":[39,24],"jetpack_publicize_connections":[],"jetpack_featured_media_url":"https:\/\/i0.wp.com\/cvis3.cebem.org\/wp-content\/uploads\/2018\/02\/banner-convocatoria-alg-es-6.jpg?fit=1200%2C570&ssl=1","jetpack_sharing_enabled":true,"jetpack-related-posts":[],"_links":{"self":[{"href":"https:\/\/cvis3.cebem.org\/index.php?rest_route=\/wp\/v2\/posts\/1306"}],"collection":[{"href":"https:\/\/cvis3.cebem.org\/index.php?rest_route=\/wp\/v2\/posts"}],"about":[{"href":"https:\/\/cvis3.cebem.org\/index.php?rest_route=\/wp\/v2\/types\/post"}],"author":[{"embeddable":true,"href":"https:\/\/cvis3.cebem.org\/index.php?rest_route=\/wp\/v2\/users\/1"}],"replies":[{"embeddable":true,"href":"https:\/\/cvis3.cebem.org\/index.php?rest_route=%2Fwp%2Fv2%2Fcomments&post=1306"}],"version-history":[{"count":1,"href":"https:\/\/cvis3.cebem.org\/index.php?rest_route=\/wp\/v2\/posts\/1306\/revisions"}],"predecessor-version":[{"id":1308,"href":"https:\/\/cvis3.cebem.org\/index.php?rest_route=\/wp\/v2\/posts\/1306\/revisions\/1308"}],"wp:featuredmedia":[{"embeddable":true,"href":"https:\/\/cvis3.cebem.org\/index.php?rest_route=\/wp\/v2\/media\/1307"}],"wp:attachment":[{"href":"https:\/\/cvis3.cebem.org\/index.php?rest_route=%2Fwp%2Fv2%2Fmedia&parent=1306"}],"wp:term":[{"taxonomy":"category","embeddable":true,"href":"https:\/\/cvis3.cebem.org\/index.php?rest_route=%2Fwp%2Fv2%2Fcategories&post=1306"},{"taxonomy":"post_tag","embeddable":true,"href":"https:\/\/cvis3.cebem.org\/index.php?rest_route=%2Fwp%2Fv2%2Ftags&post=1306"}],"curies":[{"name":"wp","href":"https:\/\/api.w.org\/{rel}","templated":true}]}}