{"id":1338,"date":"2017-05-31T14:00:06","date_gmt":"2017-05-31T18:00:06","guid":{"rendered":"http:\/\/cvis3.cebem.org\/?p=1338"},"modified":"2018-02-11T14:10:35","modified_gmt":"2018-02-11T18:10:35","slug":"seis-paises-participan-del-taller-internacional-para-el-plan-de-salvaguardia-del-patrimonio-inmaterial-asociado-al-qhapaq-nan-bolivia","status":"publish","type":"post","link":"https:\/\/cvis3.cebem.org\/?p=1338","title":{"rendered":"Seis pa\u00edses participan del taller internacional para el Plan de Salvaguardia del Patrimonio Inmaterial Asociado al Qhapaq \u00d1an &#8211; BOLIVIA"},"content":{"rendered":"<p><a href=\"https:\/\/i0.wp.com\/cvis3.cebem.org\/wp-content\/uploads\/2018\/02\/1495754317.jpg?ssl=1\"><img data-attachment-id=\"1339\" data-permalink=\"https:\/\/cvis3.cebem.org\/?attachment_id=1339\" data-orig-file=\"https:\/\/i0.wp.com\/cvis3.cebem.org\/wp-content\/uploads\/2018\/02\/1495754317.jpg?fit=548%2C233&amp;ssl=1\" data-orig-size=\"548,233\" data-comments-opened=\"1\" data-image-meta=\"{&quot;aperture&quot;:&quot;0&quot;,&quot;credit&quot;:&quot;&quot;,&quot;camera&quot;:&quot;&quot;,&quot;caption&quot;:&quot;&quot;,&quot;created_timestamp&quot;:&quot;0&quot;,&quot;copyright&quot;:&quot;&quot;,&quot;focal_length&quot;:&quot;0&quot;,&quot;iso&quot;:&quot;0&quot;,&quot;shutter_speed&quot;:&quot;0&quot;,&quot;title&quot;:&quot;&quot;,&quot;orientation&quot;:&quot;1&quot;}\" data-image-title=\"1495754317\" data-image-description=\"\" data-image-caption=\"\" data-medium-file=\"https:\/\/i0.wp.com\/cvis3.cebem.org\/wp-content\/uploads\/2018\/02\/1495754317.jpg?fit=300%2C128&amp;ssl=1\" data-large-file=\"https:\/\/i0.wp.com\/cvis3.cebem.org\/wp-content\/uploads\/2018\/02\/1495754317.jpg?fit=548%2C233&amp;ssl=1\" loading=\"lazy\" class=\"aligncenter size-full wp-image-1339\" src=\"https:\/\/i0.wp.com\/cvis3.cebem.org\/wp-content\/uploads\/2018\/02\/1495754317.jpg?resize=548%2C233&#038;ssl=1\" alt=\"\" width=\"548\" height=\"233\" srcset=\"https:\/\/i0.wp.com\/cvis3.cebem.org\/wp-content\/uploads\/2018\/02\/1495754317.jpg?w=548&amp;ssl=1 548w, https:\/\/i0.wp.com\/cvis3.cebem.org\/wp-content\/uploads\/2018\/02\/1495754317.jpg?resize=300%2C128&amp;ssl=1 300w, https:\/\/i0.wp.com\/cvis3.cebem.org\/wp-content\/uploads\/2018\/02\/1495754317.jpg?resize=150%2C64&amp;ssl=1 150w\" sizes=\"(max-width: 548px) 100vw, 548px\" data-recalc-dims=\"1\" \/><\/a>Del 24 al 26 de mayo, delegaciones de Argentina, Bolivia, Colombia, Ecuador, Chile y Per\u00fa participar\u00e1n en el \u201cTaller Internacional para la Formulaci\u00f3n de los Ejes del Plan de Salvaguardia del Patrimonio Inmaterial Asociado al Qhapaq \u00d1an (Sistema Vial Andino)\u201d con miras a establecer acuerdos, bases y metodolog\u00edas para la elaboraci\u00f3n del Plan de Salvaguardia y el Sistema de Monitoreo del Patrimonio Cultural Inmaterial del Qapaq \u00d1an.<\/p>\n<p>La Secretaria Prot\u00e9mpore del Qhapaq \u00d1an y Directora de Patrimonio Cultural y Museos de la Rep\u00fablica de Argentina, Nilda Laura Gach\u00f3n, mencion\u00f3 que en el taller se hablar\u00e1 sobre el valor intangible del Qhapaq \u00d1an para conservar esa esencia de lo intangible, que es muy importante para el desarrollo social y cultural de los pueblos.<\/p>\n<p>Por su parte, el Viceministro de Interculturalidad de Bolivia, Jhonny Tola, mencion\u00f3 que el encuentro se desarrollar\u00e1 en la Canciller\u00eda con la participaci\u00f3n de los pa\u00edses que son parte de la ruta del Qhapaq \u00d1an, \u201cen estos tres d\u00edas vamos a sistematizar todas las propuestas, ideas y sugerencias para dar a conocer lo que queremos del Qhapaq \u00d1an\u201d.<\/p>\n<h4><strong>Fuente:<\/strong> <a href=\"http:\/\/www.crespial.org\/es\/Noticias\/Detalle\/4310\/seis-paises-participan-del-taller-internacional-para-el-plan-de-salvaguardia-del-patrimonio-inmaterial-asociado-al-qhapaq-nan-bolivia\" target=\"_blank\" rel=\"noopener\">CRESPIAL<\/a><\/h4>\n","protected":false},"excerpt":{"rendered":"<p>Del 24 al 26 de mayo, delegaciones de Argentina, Bolivia, Colombia, Ecuador, Chile y Per\u00fa participar\u00e1n en el \u201cTaller Internacional para la Formulaci\u00f3n de los Ejes del Plan de Salvaguardia del Patrimonio Inmaterial Asociado al Qhapaq \u00d1an (Sistema Vial Andino)\u201d con miras a establecer acuerdos, bases y metodolog\u00edas para la\u2026<\/p>\n<p> <a class=\"continue-reading-link\" href=\"https:\/\/cvis3.cebem.org\/?p=1338\"><span>Continuar leyendo<\/span><i class=\"crycon-right-dir\"><\/i><\/a> <\/p>\n","protected":false},"author":1,"featured_media":1339,"comment_status":"open","ping_status":"closed","sticky":false,"template":"","format":"standard","meta":{"jetpack_publicize_message":"Seis pa\u00edses participan del #taller internacional para el Plan de Salvaguardia del Patrimonio Inmaterial Asociado al Qhapaq \u00d1an - #BOLIVIA","jetpack_is_tweetstorm":false,"jetpack_publicize_feature_enabled":true},"categories":[5],"tags":[43,27],"jetpack_publicize_connections":[],"jetpack_featured_media_url":"https:\/\/i0.wp.com\/cvis3.cebem.org\/wp-content\/uploads\/2018\/02\/1495754317.jpg?fit=548%2C233&ssl=1","jetpack_sharing_enabled":true,"jetpack-related-posts":[],"_links":{"self":[{"href":"https:\/\/cvis3.cebem.org\/index.php?rest_route=\/wp\/v2\/posts\/1338"}],"collection":[{"href":"https:\/\/cvis3.cebem.org\/index.php?rest_route=\/wp\/v2\/posts"}],"about":[{"href":"https:\/\/cvis3.cebem.org\/index.php?rest_route=\/wp\/v2\/types\/post"}],"author":[{"embeddable":true,"href":"https:\/\/cvis3.cebem.org\/index.php?rest_route=\/wp\/v2\/users\/1"}],"replies":[{"embeddable":true,"href":"https:\/\/cvis3.cebem.org\/index.php?rest_route=%2Fwp%2Fv2%2Fcomments&post=1338"}],"version-history":[{"count":1,"href":"https:\/\/cvis3.cebem.org\/index.php?rest_route=\/wp\/v2\/posts\/1338\/revisions"}],"predecessor-version":[{"id":1340,"href":"https:\/\/cvis3.cebem.org\/index.php?rest_route=\/wp\/v2\/posts\/1338\/revisions\/1340"}],"wp:featuredmedia":[{"embeddable":true,"href":"https:\/\/cvis3.cebem.org\/index.php?rest_route=\/wp\/v2\/media\/1339"}],"wp:attachment":[{"href":"https:\/\/cvis3.cebem.org\/index.php?rest_route=%2Fwp%2Fv2%2Fmedia&parent=1338"}],"wp:term":[{"taxonomy":"category","embeddable":true,"href":"https:\/\/cvis3.cebem.org\/index.php?rest_route=%2Fwp%2Fv2%2Fcategories&post=1338"},{"taxonomy":"post_tag","embeddable":true,"href":"https:\/\/cvis3.cebem.org\/index.php?rest_route=%2Fwp%2Fv2%2Ftags&post=1338"}],"curies":[{"name":"wp","href":"https:\/\/api.w.org\/{rel}","templated":true}]}}