{"id":1347,"date":"2018-02-14T11:07:17","date_gmt":"2018-02-14T15:07:17","guid":{"rendered":"http:\/\/cvis3.cebem.org\/?p=1347"},"modified":"2018-02-14T11:07:17","modified_gmt":"2018-02-14T15:07:17","slug":"autogobierno-indigena-originario-campesino-uru-chipaya-priorizara-el-turismo","status":"publish","type":"post","link":"https:\/\/cvis3.cebem.org\/?p=1347","title":{"rendered":"Autogobierno Ind\u00edgena Originario Campesino Uru Chipaya priorizar\u00e1 el turismo"},"content":{"rendered":"<p><a href=\"https:\/\/i0.wp.com\/cvis3.cebem.org\/wp-content\/uploads\/2018\/02\/MG_3471-720x480.jpg?ssl=1\"><img data-attachment-id=\"1348\" data-permalink=\"https:\/\/cvis3.cebem.org\/?attachment_id=1348\" data-orig-file=\"https:\/\/i0.wp.com\/cvis3.cebem.org\/wp-content\/uploads\/2018\/02\/MG_3471-720x480.jpg?fit=720%2C480&amp;ssl=1\" data-orig-size=\"720,480\" data-comments-opened=\"1\" data-image-meta=\"{&quot;aperture&quot;:&quot;14&quot;,&quot;credit&quot;:&quot;&quot;,&quot;camera&quot;:&quot;Canon EOS REBEL T5&quot;,&quot;caption&quot;:&quot;&quot;,&quot;created_timestamp&quot;:&quot;1517402120&quot;,&quot;copyright&quot;:&quot;&quot;,&quot;focal_length&quot;:&quot;34&quot;,&quot;iso&quot;:&quot;1600&quot;,&quot;shutter_speed&quot;:&quot;0.002&quot;,&quot;title&quot;:&quot;&quot;,&quot;orientation&quot;:&quot;1&quot;}\" data-image-title=\"MG_3471-720&#215;480\" data-image-description=\"\" data-image-caption=\"\" data-medium-file=\"https:\/\/i0.wp.com\/cvis3.cebem.org\/wp-content\/uploads\/2018\/02\/MG_3471-720x480.jpg?fit=300%2C200&amp;ssl=1\" data-large-file=\"https:\/\/i0.wp.com\/cvis3.cebem.org\/wp-content\/uploads\/2018\/02\/MG_3471-720x480.jpg?fit=720%2C480&amp;ssl=1\" loading=\"lazy\" class=\"aligncenter size-medium wp-image-1348\" src=\"https:\/\/i0.wp.com\/cvis3.cebem.org\/wp-content\/uploads\/2018\/02\/MG_3471-720x480.jpg?resize=300%2C200&#038;ssl=1\" alt=\"\" width=\"300\" height=\"200\" srcset=\"https:\/\/i0.wp.com\/cvis3.cebem.org\/wp-content\/uploads\/2018\/02\/MG_3471-720x480.jpg?resize=300%2C200&amp;ssl=1 300w, https:\/\/i0.wp.com\/cvis3.cebem.org\/wp-content\/uploads\/2018\/02\/MG_3471-720x480.jpg?resize=600%2C400&amp;ssl=1 600w, https:\/\/i0.wp.com\/cvis3.cebem.org\/wp-content\/uploads\/2018\/02\/MG_3471-720x480.jpg?resize=150%2C100&amp;ssl=1 150w, https:\/\/i0.wp.com\/cvis3.cebem.org\/wp-content\/uploads\/2018\/02\/MG_3471-720x480.jpg?resize=720%2C480&amp;ssl=1 720w\" sizes=\"(max-width: 300px) 100vw, 300px\" data-recalc-dims=\"1\" \/><\/a>Oruro, 01 febrero.- El m\u00e1ximo representante del \u00d3rgano Ejecutivo\u00a0 o \u2018Lanqs\u00f1i Paqh M\u00e4 Eph\u2019 de la Autonom\u00eda Ind\u00edgena Originaria Campesina (AIOC) Uru Chipaya Zacar\u00edas Guarachi L\u00f3pez, \u00a0que junto a otros\u00a0 8 miembros del \u00d3rgano Legislativo o \u2018Chawkh Parla\u2019 fue posesionado ayer por el presidente Evo Morales, anunci\u00f3 que en su gesti\u00f3n priorizar\u00e1 el fortalecimiento del turismo de ese pueblo\u00a0 que son el idioma y la vestimenta.<\/p>\n<p>La ahora m\u00e1xima autoridad, que dio paso al autogobierno ind\u00edgena, en lugar de gobierno municipal, dijo inform\u00f3 para proyectos tur\u00edsticos y otros,\u00a0 cuenta con un presupuesto de Bs 2.9 millones,\u00a0 los que seg\u00fan asegur\u00f3 son insuficientes.<\/p>\n<p>\u201cVamos a buscar ayuda en otras instancias. En estos d\u00edas ir\u00e9 a Oruro para coordinar esos proyectos\u201d, dijo Guarachi en declaraciones a la prensa tras los actos realizados ayer, en las que el presidente Evo Morales entreg\u00f3 la Casa de Gobierno y posesion\u00f3 a las autoridades originarias de la Autonom\u00eda Ind\u00edgena Originaria Campesina Uru Chipaya.<\/p>\n<p>Por otro lado,\u00a0 la nueva autoridad de Uru Chipaya, una de las 36 etnias de Bolivia,\u00a0 se\u00f1al\u00f3 que la construcci\u00f3n de la carretera de acceso a esa regi\u00f3n, perteneciente a la provincia Sabaya (Oruro) es una de las prioridades.<\/p>\n<h4><strong>Fuente:<\/strong> <a href=\"http:\/\/www.prensarural.com.bo\/comunidad\/autogobierno-indigena-originario-campesino-uru-chipaya-priorizara-el-turismo\/\" target=\"_blank\" rel=\"noopener\">Prensarural<\/a><\/h4>\n","protected":false},"excerpt":{"rendered":"<p>Oruro, 01 febrero.- El m\u00e1ximo representante del \u00d3rgano Ejecutivo\u00a0 o \u2018Lanqs\u00f1i Paqh M\u00e4 Eph\u2019 de la Autonom\u00eda Ind\u00edgena Originaria Campesina (AIOC) Uru Chipaya Zacar\u00edas Guarachi L\u00f3pez, \u00a0que junto a otros\u00a0 8 miembros del \u00d3rgano Legislativo o \u2018Chawkh Parla\u2019 fue posesionado ayer por el presidente Evo Morales, anunci\u00f3 que en su\u2026<\/p>\n<p> <a class=\"continue-reading-link\" href=\"https:\/\/cvis3.cebem.org\/?p=1347\"><span>Continuar leyendo<\/span><i class=\"crycon-right-dir\"><\/i><\/a> <\/p>\n","protected":false},"author":1,"featured_media":1348,"comment_status":"open","ping_status":"closed","sticky":false,"template":"","format":"standard","meta":{"jetpack_publicize_message":"Autogobierno Ind\u00edgena Originario Campesino Uru #Chipaya priorizar\u00e1 el #turismo","jetpack_is_tweetstorm":false,"jetpack_publicize_feature_enabled":true},"categories":[5],"tags":[39,27,38],"jetpack_publicize_connections":[],"jetpack_featured_media_url":"https:\/\/i0.wp.com\/cvis3.cebem.org\/wp-content\/uploads\/2018\/02\/MG_3471-720x480.jpg?fit=720%2C480&ssl=1","jetpack_sharing_enabled":true,"jetpack-related-posts":[],"_links":{"self":[{"href":"https:\/\/cvis3.cebem.org\/index.php?rest_route=\/wp\/v2\/posts\/1347"}],"collection":[{"href":"https:\/\/cvis3.cebem.org\/index.php?rest_route=\/wp\/v2\/posts"}],"about":[{"href":"https:\/\/cvis3.cebem.org\/index.php?rest_route=\/wp\/v2\/types\/post"}],"author":[{"embeddable":true,"href":"https:\/\/cvis3.cebem.org\/index.php?rest_route=\/wp\/v2\/users\/1"}],"replies":[{"embeddable":true,"href":"https:\/\/cvis3.cebem.org\/index.php?rest_route=%2Fwp%2Fv2%2Fcomments&post=1347"}],"version-history":[{"count":1,"href":"https:\/\/cvis3.cebem.org\/index.php?rest_route=\/wp\/v2\/posts\/1347\/revisions"}],"predecessor-version":[{"id":1350,"href":"https:\/\/cvis3.cebem.org\/index.php?rest_route=\/wp\/v2\/posts\/1347\/revisions\/1350"}],"wp:featuredmedia":[{"embeddable":true,"href":"https:\/\/cvis3.cebem.org\/index.php?rest_route=\/wp\/v2\/media\/1348"}],"wp:attachment":[{"href":"https:\/\/cvis3.cebem.org\/index.php?rest_route=%2Fwp%2Fv2%2Fmedia&parent=1347"}],"wp:term":[{"taxonomy":"category","embeddable":true,"href":"https:\/\/cvis3.cebem.org\/index.php?rest_route=%2Fwp%2Fv2%2Fcategories&post=1347"},{"taxonomy":"post_tag","embeddable":true,"href":"https:\/\/cvis3.cebem.org\/index.php?rest_route=%2Fwp%2Fv2%2Ftags&post=1347"}],"curies":[{"name":"wp","href":"https:\/\/api.w.org\/{rel}","templated":true}]}}