{"id":1378,"date":"2018-02-28T11:40:33","date_gmt":"2018-02-28T15:40:33","guid":{"rendered":"http:\/\/cvis3.cebem.org\/?p=1378"},"modified":"2018-02-28T11:40:33","modified_gmt":"2018-02-28T15:40:33","slug":"consultorias-en-diferentes-areas-para-el-programa-de-dinamizacion-turistica-del-destino-del-salar-de-uyuni-y-lagunas-de-colores","status":"publish","type":"post","link":"https:\/\/cvis3.cebem.org\/?p=1378","title":{"rendered":"Consultor\u00edas en diferentes \u00e1reas para el \u201cPrograma de Dinamizaci\u00f3n Tur\u00edstica del Destino del Salar de Uyuni y Lagunas de Colores\u201d"},"content":{"rendered":"<p><a href=\"https:\/\/i0.wp.com\/cvis3.cebem.org\/wp-content\/uploads\/2018\/02\/logo-ministerio.turimso.jpg?ssl=1\"><img data-attachment-id=\"1388\" data-permalink=\"https:\/\/cvis3.cebem.org\/?attachment_id=1388\" data-orig-file=\"https:\/\/i0.wp.com\/cvis3.cebem.org\/wp-content\/uploads\/2018\/02\/logo-ministerio.turimso.jpg?fit=800%2C800&amp;ssl=1\" data-orig-size=\"800,800\" data-comments-opened=\"1\" data-image-meta=\"{&quot;aperture&quot;:&quot;0&quot;,&quot;credit&quot;:&quot;&quot;,&quot;camera&quot;:&quot;&quot;,&quot;caption&quot;:&quot;&quot;,&quot;created_timestamp&quot;:&quot;0&quot;,&quot;copyright&quot;:&quot;&quot;,&quot;focal_length&quot;:&quot;0&quot;,&quot;iso&quot;:&quot;0&quot;,&quot;shutter_speed&quot;:&quot;0&quot;,&quot;title&quot;:&quot;&quot;,&quot;orientation&quot;:&quot;1&quot;}\" data-image-title=\"logo-ministerio.turimso\" data-image-description=\"\" data-image-caption=\"\" data-medium-file=\"https:\/\/i0.wp.com\/cvis3.cebem.org\/wp-content\/uploads\/2018\/02\/logo-ministerio.turimso.jpg?fit=300%2C300&amp;ssl=1\" data-large-file=\"https:\/\/i0.wp.com\/cvis3.cebem.org\/wp-content\/uploads\/2018\/02\/logo-ministerio.turimso.jpg?fit=800%2C800&amp;ssl=1\" loading=\"lazy\" class=\"aligncenter size-medium wp-image-1388\" src=\"https:\/\/i0.wp.com\/cvis3.cebem.org\/wp-content\/uploads\/2018\/02\/logo-ministerio.turimso.jpg?resize=300%2C300&#038;ssl=1\" alt=\"\" width=\"300\" height=\"300\" srcset=\"https:\/\/i0.wp.com\/cvis3.cebem.org\/wp-content\/uploads\/2018\/02\/logo-ministerio.turimso.jpg?resize=300%2C300&amp;ssl=1 300w, https:\/\/i0.wp.com\/cvis3.cebem.org\/wp-content\/uploads\/2018\/02\/logo-ministerio.turimso.jpg?resize=150%2C150&amp;ssl=1 150w, https:\/\/i0.wp.com\/cvis3.cebem.org\/wp-content\/uploads\/2018\/02\/logo-ministerio.turimso.jpg?resize=768%2C768&amp;ssl=1 768w, https:\/\/i0.wp.com\/cvis3.cebem.org\/wp-content\/uploads\/2018\/02\/logo-ministerio.turimso.jpg?resize=600%2C600&amp;ssl=1 600w, https:\/\/i0.wp.com\/cvis3.cebem.org\/wp-content\/uploads\/2018\/02\/logo-ministerio.turimso.jpg?w=800&amp;ssl=1 800w\" sizes=\"(max-width: 300px) 100vw, 300px\" data-recalc-dims=\"1\" \/><\/a>El Ministerio de Culturas y Turismo lanza las siguientes convocatorias:<\/p>\n<ul>\n<li><strong>Consultor\u00eda Individual de L\u00ednea Especialista Social<\/strong>, <a href=\"https:\/\/cvis3.cebem.org\/wp-content\/uploads\/2018\/02\/dbcSOCIAL.docx\" target=\"_blank\" rel=\"noopener\">Descargar covocatoria.<\/a><\/li>\n<li><strong>Consultor\u00eda Individual de L\u00ednea Especialista en Asuntos Legales<\/strong>, <a href=\"https:\/\/cvis3.cebem.org\/wp-content\/uploads\/2018\/02\/dbc-legal.docx\" target=\"_blank\" rel=\"noopener\">Descargar covocatoria.<\/a><\/li>\n<li><strong>Consultor\u00eda Individual de L\u00ednea Especialista en Comunicaci\u00f3n y Difusi\u00f3n<\/strong>, <a href=\"https:\/\/cvis3.cebem.org\/wp-content\/uploads\/2018\/02\/dbc-Comunicador-2018.docx\" target=\"_blank\" rel=\"noopener\">Descargar covocatoria.<\/a><\/li>\n<li><strong>Consultor\u00eda Individual de L\u00ednea Especialista en Turismo<\/strong>, <a href=\"https:\/\/cvis3.cebem.org\/wp-content\/uploads\/2018\/02\/dbcturismo.docx\" target=\"_blank\" rel=\"noopener\">Descargar covocatoria.<\/a><\/li>\n<li><strong>Consultor\u00eda Individual de L\u00ednea Especialista en Adquisiciones y Contrataciones<\/strong>, <a href=\"https:\/\/cvis3.cebem.org\/wp-content\/uploads\/2018\/02\/dbc-Adquisiciones-2018.docx\" target=\"_blank\" rel=\"noopener\">Descargar covocatoria.<\/a><\/li>\n<li><strong>Consultor\u00eda Individual de L\u00ednea Especialista Ambiental<\/strong>, <a href=\"https:\/\/cvis3.cebem.org\/wp-content\/uploads\/2018\/02\/dbc-Esp.-Ambiental-2018.docx\" target=\"_blank\" rel=\"noopener\">Descargar covocatoria.<\/a><\/li>\n<li><strong>Consultor\u00eda Individual de L\u00ednea Especialista en Planificaci\u00f3n y Monitoreo<\/strong>, <a href=\"https:\/\/cvis3.cebem.org\/wp-content\/uploads\/2018\/02\/dbcplanificador.docx\" target=\"_blank\" rel=\"noopener\">Descargar covocatoria.<\/a><\/li>\n<li><strong>Consultor\u00eda Individual de L\u00ednea Especialista Administrativo Financiero<\/strong>, <a href=\"https:\/\/cvis3.cebem.org\/wp-content\/uploads\/2018\/02\/dbc-Financiero-2018.docx\" target=\"_blank\" rel=\"noopener\">Descargar covocatoria.<\/a><\/li>\n<li><strong>Consultor\u00eda Individual de L\u00ednea Coordinador General<\/strong>, <a href=\"https:\/\/cvis3.cebem.org\/wp-content\/uploads\/2018\/02\/dbccoordinador.docx\" target=\"_blank\" rel=\"noopener\">Descargar covocatoria.<\/a><\/li>\n<\/ul>\n<p>Todas estas convocatorias est\u00e1n disponibles en la p\u00e1gina del <strong><a href=\"https:\/\/www.sicoes.gob.bo\/portal\/contrataciones\/busqueda\/convocatorias.php?tipo=convNacional\" target=\"_blank\" rel=\"noopener\">SICOES<\/a><\/strong><\/p>\n","protected":false},"excerpt":{"rendered":"<p>El Ministerio de Culturas y Turismo lanza las siguientes convocatorias: Consultor\u00eda Individual de L\u00ednea Especialista Social, Descargar covocatoria. Consultor\u00eda Individual de L\u00ednea Especialista en Asuntos Legales, Descargar covocatoria. Consultor\u00eda Individual de L\u00ednea Especialista en Comunicaci\u00f3n y Difusi\u00f3n, Descargar covocatoria. Consultor\u00eda Individual de L\u00ednea Especialista en Turismo, Descargar covocatoria. Consultor\u00eda Individual\u2026<\/p>\n<p> <a class=\"continue-reading-link\" href=\"https:\/\/cvis3.cebem.org\/?p=1378\"><span>Continuar leyendo<\/span><i class=\"crycon-right-dir\"><\/i><\/a> <\/p>\n","protected":false},"author":1,"featured_media":1388,"comment_status":"open","ping_status":"closed","sticky":false,"template":"","format":"standard","meta":{"jetpack_publicize_message":"#Consultor\u00edas en diferentes \u00e1reas para el \u201cPrograma de Dinamizaci\u00f3n Tur\u00edstica del Destino del Salar de #Uyuni y Lagunas de Colores\u201d","jetpack_is_tweetstorm":false,"jetpack_publicize_feature_enabled":true},"categories":[5],"tags":[24,27],"jetpack_publicize_connections":[],"jetpack_featured_media_url":"https:\/\/i0.wp.com\/cvis3.cebem.org\/wp-content\/uploads\/2018\/02\/logo-ministerio.turimso.jpg?fit=800%2C800&ssl=1","jetpack_sharing_enabled":true,"jetpack-related-posts":[],"_links":{"self":[{"href":"https:\/\/cvis3.cebem.org\/index.php?rest_route=\/wp\/v2\/posts\/1378"}],"collection":[{"href":"https:\/\/cvis3.cebem.org\/index.php?rest_route=\/wp\/v2\/posts"}],"about":[{"href":"https:\/\/cvis3.cebem.org\/index.php?rest_route=\/wp\/v2\/types\/post"}],"author":[{"embeddable":true,"href":"https:\/\/cvis3.cebem.org\/index.php?rest_route=\/wp\/v2\/users\/1"}],"replies":[{"embeddable":true,"href":"https:\/\/cvis3.cebem.org\/index.php?rest_route=%2Fwp%2Fv2%2Fcomments&post=1378"}],"version-history":[{"count":1,"href":"https:\/\/cvis3.cebem.org\/index.php?rest_route=\/wp\/v2\/posts\/1378\/revisions"}],"predecessor-version":[{"id":1389,"href":"https:\/\/cvis3.cebem.org\/index.php?rest_route=\/wp\/v2\/posts\/1378\/revisions\/1389"}],"wp:featuredmedia":[{"embeddable":true,"href":"https:\/\/cvis3.cebem.org\/index.php?rest_route=\/wp\/v2\/media\/1388"}],"wp:attachment":[{"href":"https:\/\/cvis3.cebem.org\/index.php?rest_route=%2Fwp%2Fv2%2Fmedia&parent=1378"}],"wp:term":[{"taxonomy":"category","embeddable":true,"href":"https:\/\/cvis3.cebem.org\/index.php?rest_route=%2Fwp%2Fv2%2Fcategories&post=1378"},{"taxonomy":"post_tag","embeddable":true,"href":"https:\/\/cvis3.cebem.org\/index.php?rest_route=%2Fwp%2Fv2%2Ftags&post=1378"}],"curies":[{"name":"wp","href":"https:\/\/api.w.org\/{rel}","templated":true}]}}