{"id":1391,"date":"2018-03-06T10:39:36","date_gmt":"2018-03-06T14:39:36","guid":{"rendered":"http:\/\/cvis3.cebem.org\/?p=1391"},"modified":"2018-03-06T10:43:17","modified_gmt":"2018-03-06T14:43:17","slug":"arco-action-research-for-co-development-investigacion-accion-para-el-co-desarrollo","status":"publish","type":"post","link":"https:\/\/cvis3.cebem.org\/?p=1391","title":{"rendered":"ARCO &#8211; Action Research for CO-Development (investigaci\u00f3n-acci\u00f3n para el co-desarrollo)"},"content":{"rendered":"<p><a href=\"https:\/\/i0.wp.com\/cvis3.cebem.org\/wp-content\/uploads\/2018\/03\/imagen-arco.jpg?ssl=1\"><img data-attachment-id=\"1392\" data-permalink=\"https:\/\/cvis3.cebem.org\/?attachment_id=1392\" data-orig-file=\"https:\/\/i0.wp.com\/cvis3.cebem.org\/wp-content\/uploads\/2018\/03\/imagen-arco.jpg?fit=940%2C660&amp;ssl=1\" data-orig-size=\"940,660\" data-comments-opened=\"1\" data-image-meta=\"{&quot;aperture&quot;:&quot;0&quot;,&quot;credit&quot;:&quot;&quot;,&quot;camera&quot;:&quot;&quot;,&quot;caption&quot;:&quot;&quot;,&quot;created_timestamp&quot;:&quot;0&quot;,&quot;copyright&quot;:&quot;&quot;,&quot;focal_length&quot;:&quot;0&quot;,&quot;iso&quot;:&quot;0&quot;,&quot;shutter_speed&quot;:&quot;0&quot;,&quot;title&quot;:&quot;&quot;,&quot;orientation&quot;:&quot;0&quot;}\" data-image-title=\"imagen-arco\" data-image-description=\"\" data-image-caption=\"\" data-medium-file=\"https:\/\/i0.wp.com\/cvis3.cebem.org\/wp-content\/uploads\/2018\/03\/imagen-arco.jpg?fit=300%2C211&amp;ssl=1\" data-large-file=\"https:\/\/i0.wp.com\/cvis3.cebem.org\/wp-content\/uploads\/2018\/03\/imagen-arco.jpg?fit=900%2C632&amp;ssl=1\" loading=\"lazy\" class=\"aligncenter wp-image-1392\" src=\"https:\/\/i0.wp.com\/cvis3.cebem.org\/wp-content\/uploads\/2018\/03\/imagen-arco.jpg?resize=500%2C351&#038;ssl=1\" alt=\"\" width=\"500\" height=\"351\" srcset=\"https:\/\/i0.wp.com\/cvis3.cebem.org\/wp-content\/uploads\/2018\/03\/imagen-arco.jpg?w=940&amp;ssl=1 940w, https:\/\/i0.wp.com\/cvis3.cebem.org\/wp-content\/uploads\/2018\/03\/imagen-arco.jpg?resize=300%2C211&amp;ssl=1 300w, https:\/\/i0.wp.com\/cvis3.cebem.org\/wp-content\/uploads\/2018\/03\/imagen-arco.jpg?resize=768%2C539&amp;ssl=1 768w, https:\/\/i0.wp.com\/cvis3.cebem.org\/wp-content\/uploads\/2018\/03\/imagen-arco.jpg?resize=600%2C421&amp;ssl=1 600w, https:\/\/i0.wp.com\/cvis3.cebem.org\/wp-content\/uploads\/2018\/03\/imagen-arco.jpg?resize=150%2C105&amp;ssl=1 150w\" sizes=\"(max-width: 500px) 100vw, 500px\" data-recalc-dims=\"1\" \/><\/a>Es un centro de investigaci\u00f3n fundado en 2008 por profesores de\u00a0la Universidad de Florencia y expertos de cooperaci\u00f3n internacional. El objetivo de ARCO es apoyar autoridades p\u00fablicas y organizaciones privadas para\u00a0conseguir resultados sociales positivos in una manera eficiente, efectiva y sustentable. ARCO ofrece un conjunto de servicios que incluye investigaci\u00f3n,\u00a0evaluaci\u00f3n de impacto, consulta, para soportar servicios como planificaci\u00f3n de proyectos<\/p>\n<p>ARCO trabaja sobre los siguientes temas:<\/p>\n<ul>\n<li>Evaluaci\u00f3n de Impacto \u2013 Realiza evaluaci\u00f3n de impacto de programas y proyectos utilizando t\u00e9cnicas altamente sofisticadas (tanto cualitativas como\u00a0cuantitativas).<\/li>\n<li>Desarrollo Inclusivo \u2013 Realiza investigaci\u00f3n sobre discapacidad, infancia y juventud, genero, cooperaci\u00f3n internacional mediante un enfoque de\u00a0desarrollo humano y capability.<\/li>\n<li>Desarrollo Local \u2013 Realiza investigaci\u00f3n y consultar\u00eda sobre proyectos de desarrollo local en pa\u00edses desarrollado y en desarrollo.<\/li>\n<li>Tercer Sector e Innovaci\u00f3n Social \u2013 Realiza consultar\u00edas e investigaciones sobre negocios sociales, negocios inclusivos, innovaci\u00f3n social, empresa\u00a0social.<\/li>\n<\/ul>\n<p>ARCO tiene una larga experiencia en el campo de evaluaci\u00f3n de proyectos, programas, pol\u00edticas y rendimiento institucional en el \u00e1mbito de la discapacidad.\u00a0Arco tiene experiencia en realizar an\u00e1lisis cuantitativos y cualitativos y utilizar m\u00e9todos adaptados para el seguimiento, la evaluaci\u00f3n y la evaluaci\u00f3n del\u00a0impacto.<\/p>\n<p>El equipo de ARCO es capaz de cubrir todos los pasos necesarios para implementar actividades de control y evaluaci\u00f3n a partir de la elaboraci\u00f3n de un\u00a0marco te\u00f3rico s\u00f3lido para el dise\u00f1o general y el cumplimiento de las actividades.<\/p>\n<h4><strong>Pagina web: <a href=\"http:\/\/www.arcolab.org\" target=\"_blank\" rel=\"noopener\">www.arcolab.org<\/a><\/strong><\/h4>\n","protected":false},"excerpt":{"rendered":"<p>Es un centro de investigaci\u00f3n fundado en 2008 por profesores de\u00a0la Universidad de Florencia y expertos de cooperaci\u00f3n internacional. El objetivo de ARCO es apoyar autoridades p\u00fablicas y organizaciones privadas para\u00a0conseguir resultados sociales positivos in una manera eficiente, efectiva y sustentable. ARCO ofrece un conjunto de servicios que incluye investigaci\u00f3n,\u00a0evaluaci\u00f3n\u2026<\/p>\n<p> <a class=\"continue-reading-link\" href=\"https:\/\/cvis3.cebem.org\/?p=1391\"><span>Continuar leyendo<\/span><i class=\"crycon-right-dir\"><\/i><\/a> <\/p>\n","protected":false},"author":1,"featured_media":1392,"comment_status":"open","ping_status":"closed","sticky":false,"template":"","format":"standard","meta":{"jetpack_publicize_message":"#SitiodeInter\u00e9s\r\nARCO - Action Research for CO-Development (investigaci\u00f3n-acci\u00f3n para el co-desarrollo)","jetpack_is_tweetstorm":false,"jetpack_publicize_feature_enabled":true},"categories":[5,29],"tags":[39],"jetpack_publicize_connections":[],"jetpack_featured_media_url":"https:\/\/i0.wp.com\/cvis3.cebem.org\/wp-content\/uploads\/2018\/03\/imagen-arco.jpg?fit=940%2C660&ssl=1","jetpack_sharing_enabled":true,"jetpack-related-posts":[],"_links":{"self":[{"href":"https:\/\/cvis3.cebem.org\/index.php?rest_route=\/wp\/v2\/posts\/1391"}],"collection":[{"href":"https:\/\/cvis3.cebem.org\/index.php?rest_route=\/wp\/v2\/posts"}],"about":[{"href":"https:\/\/cvis3.cebem.org\/index.php?rest_route=\/wp\/v2\/types\/post"}],"author":[{"embeddable":true,"href":"https:\/\/cvis3.cebem.org\/index.php?rest_route=\/wp\/v2\/users\/1"}],"replies":[{"embeddable":true,"href":"https:\/\/cvis3.cebem.org\/index.php?rest_route=%2Fwp%2Fv2%2Fcomments&post=1391"}],"version-history":[{"count":4,"href":"https:\/\/cvis3.cebem.org\/index.php?rest_route=\/wp\/v2\/posts\/1391\/revisions"}],"predecessor-version":[{"id":1396,"href":"https:\/\/cvis3.cebem.org\/index.php?rest_route=\/wp\/v2\/posts\/1391\/revisions\/1396"}],"wp:featuredmedia":[{"embeddable":true,"href":"https:\/\/cvis3.cebem.org\/index.php?rest_route=\/wp\/v2\/media\/1392"}],"wp:attachment":[{"href":"https:\/\/cvis3.cebem.org\/index.php?rest_route=%2Fwp%2Fv2%2Fmedia&parent=1391"}],"wp:term":[{"taxonomy":"category","embeddable":true,"href":"https:\/\/cvis3.cebem.org\/index.php?rest_route=%2Fwp%2Fv2%2Fcategories&post=1391"},{"taxonomy":"post_tag","embeddable":true,"href":"https:\/\/cvis3.cebem.org\/index.php?rest_route=%2Fwp%2Fv2%2Ftags&post=1391"}],"curies":[{"name":"wp","href":"https:\/\/api.w.org\/{rel}","templated":true}]}}