{"id":1474,"date":"2018-05-10T17:47:21","date_gmt":"2018-05-10T21:47:21","guid":{"rendered":"http:\/\/cvis3.cebem.org\/?p=1474"},"modified":"2018-05-14T18:40:20","modified_gmt":"2018-05-14T22:40:20","slug":"arranco-iv-encuentro-nacional-de-museos-comunitarios-uyuni-2018-por-las-rutas-del-tunupa","status":"publish","type":"post","link":"https:\/\/cvis3.cebem.org\/?p=1474","title":{"rendered":"Arranco IV Encuentro nacional de Museos Comunitarios Uyuni-2018 \u201cPor las rutas del Tunupa\u201d"},"content":{"rendered":"<p><a href=\"https:\/\/i0.wp.com\/cvis3.cebem.org\/wp-content\/uploads\/2018\/05\/IV_Encuentro-nacional_Museos_Uyuni-2018.jpg?ssl=1\"><img data-attachment-id=\"1475\" data-permalink=\"https:\/\/cvis3.cebem.org\/?attachment_id=1475\" data-orig-file=\"https:\/\/i0.wp.com\/cvis3.cebem.org\/wp-content\/uploads\/2018\/05\/IV_Encuentro-nacional_Museos_Uyuni-2018.jpg?fit=1280%2C426&amp;ssl=1\" data-orig-size=\"1280,426\" data-comments-opened=\"1\" data-image-meta=\"{&quot;aperture&quot;:&quot;0&quot;,&quot;credit&quot;:&quot;&quot;,&quot;camera&quot;:&quot;&quot;,&quot;caption&quot;:&quot;&quot;,&quot;created_timestamp&quot;:&quot;0&quot;,&quot;copyright&quot;:&quot;&quot;,&quot;focal_length&quot;:&quot;0&quot;,&quot;iso&quot;:&quot;0&quot;,&quot;shutter_speed&quot;:&quot;0&quot;,&quot;title&quot;:&quot;&quot;,&quot;orientation&quot;:&quot;1&quot;}\" data-image-title=\"IV_Encuentro nacional_Museos_Uyuni-2018\" data-image-description=\"\" data-image-caption=\"\" data-medium-file=\"https:\/\/i0.wp.com\/cvis3.cebem.org\/wp-content\/uploads\/2018\/05\/IV_Encuentro-nacional_Museos_Uyuni-2018.jpg?fit=300%2C100&amp;ssl=1\" data-large-file=\"https:\/\/i0.wp.com\/cvis3.cebem.org\/wp-content\/uploads\/2018\/05\/IV_Encuentro-nacional_Museos_Uyuni-2018.jpg?fit=900%2C300&amp;ssl=1\" loading=\"lazy\" class=\"aligncenter wp-image-1475\" src=\"https:\/\/i0.wp.com\/cvis3.cebem.org\/wp-content\/uploads\/2018\/05\/IV_Encuentro-nacional_Museos_Uyuni-2018.jpg?resize=601%2C200&#038;ssl=1\" alt=\"\" width=\"601\" height=\"200\" srcset=\"https:\/\/i0.wp.com\/cvis3.cebem.org\/wp-content\/uploads\/2018\/05\/IV_Encuentro-nacional_Museos_Uyuni-2018.jpg?resize=1024%2C341&amp;ssl=1 1024w, https:\/\/i0.wp.com\/cvis3.cebem.org\/wp-content\/uploads\/2018\/05\/IV_Encuentro-nacional_Museos_Uyuni-2018.jpg?resize=300%2C100&amp;ssl=1 300w, https:\/\/i0.wp.com\/cvis3.cebem.org\/wp-content\/uploads\/2018\/05\/IV_Encuentro-nacional_Museos_Uyuni-2018.jpg?resize=768%2C256&amp;ssl=1 768w, https:\/\/i0.wp.com\/cvis3.cebem.org\/wp-content\/uploads\/2018\/05\/IV_Encuentro-nacional_Museos_Uyuni-2018.jpg?resize=600%2C200&amp;ssl=1 600w, https:\/\/i0.wp.com\/cvis3.cebem.org\/wp-content\/uploads\/2018\/05\/IV_Encuentro-nacional_Museos_Uyuni-2018.jpg?resize=150%2C50&amp;ssl=1 150w, https:\/\/i0.wp.com\/cvis3.cebem.org\/wp-content\/uploads\/2018\/05\/IV_Encuentro-nacional_Museos_Uyuni-2018.jpg?w=1280&amp;ssl=1 1280w\" sizes=\"(max-width: 601px) 100vw, 601px\" data-recalc-dims=\"1\" \/><\/a>UNICOM MCyT, Uyuni 11 de mayo de 2018.- Hoy por la ma\u00f1ana, con la presencia de importantes autoridades nacionales y locales, se inaugur\u00f3 oficialmente el IV Encuentro Nacional de Museos Comunitarios Uyuni-2018 \u00abPor las Rutas del Tunupa\u00bb.<\/p>\n<p>La actividad consiste en un taller de tres d\u00edas donde se discutir\u00e1n los lineamientos y las gestiones para la creaci\u00f3n de m\u00e1s museos comunitarios, as\u00ed como para la construcci\u00f3n de una ruta de museos comunitarios a nivel nacional.<\/p>\n<p>En el taller participan importantes gestores tur\u00edsticos de variadas comunidades del pa\u00eds: San Ignacio de Moxos, Uru Chipaya, Macomunidad Minera de Oruro, Chiripa, Lacuyos, Jes\u00fas de Machaca, Desaguadero, Pallina Grande, Puerto Acosta, Machacamarca, y Tiwanacu; cuyos representantes mostraron un gran compromiso con sus comunidades y esperan poder fortalecer alianzas para la gesti\u00f3n y creaci\u00f3n de los mismos.<\/p>\n<p>Teresa Ayu, una de las participantes y profesora de la localidad Uru Chipaya, resalt\u00f3 la relevancia de las exposiciones. \u201cEstos museos comunitarios son importantes para nuestros pueblos y nuestra gente porque nos permiten mostrar nuestra cultura, nuestros conocimientos a partir de nosotros mismos. Podemos mostrar, aprender y ense\u00f1ar del patrimonio que nos han dejado nuestras abuelas y abuelos \u201cy a\u00f1ade \u201ctambi\u00e9n nuestros ni\u00f1os aprenden su historia y a c\u00f3mo ense\u00f1ar a partir de estos museos\u201d.<\/p>\n<p>Cabe recalcar que esta iniciativa, que es gestionada por el Ministerio de Culturas y Turismo a trav\u00e9s del Viceministro de Interculturalidad, Feliciano Vegamonte, pretende tambi\u00e9n revalorizar y salvaguardar el patrimonio de los pueblos bolivianos a trav\u00e9s del propio pueblo boliviano, adem\u00e1s de fomentar el turismo en regiones aut\u00e9nticas que no pertenecen a las rutas tur\u00edsticas tradicionales.<\/p>\n<p>Durante el taller, los participantes visitar\u00e1n el Museo de Trenes, el Museo Comunitario de la Llama y la Sal en Colchani, y el Cementerio de Trenes; actividades con las que se compartir\u00e1n e intercambiar\u00e1n experiencias acerca de la administraci\u00f3n y gesti\u00f3n de museos comunitarios.<\/p>\n<h4><strong>Fuente:<\/strong> <a href=\"http:\/\/www.minculturas.gob.bo\/es\/articulo\/373-arranca-iv-encuentro-nacional-de-museos-comunitarios-uyuni-2018-por-las-rutas-del-tunupa\" target=\"_blank\" rel=\"noopener\">Ministerio de Culturas y Turismo<\/a><\/h4>\n","protected":false},"excerpt":{"rendered":"<p>UNICOM MCyT, Uyuni 11 de mayo de 2018.- Hoy por la ma\u00f1ana, con la presencia de importantes autoridades nacionales y locales, se inaugur\u00f3 oficialmente el IV Encuentro Nacional de Museos Comunitarios Uyuni-2018 \u00abPor las Rutas del Tunupa\u00bb. La actividad consiste en un taller de tres d\u00edas donde se discutir\u00e1n los\u2026<\/p>\n<p> <a class=\"continue-reading-link\" href=\"https:\/\/cvis3.cebem.org\/?p=1474\"><span>Continuar leyendo<\/span><i class=\"crycon-right-dir\"><\/i><\/a> <\/p>\n","protected":false},"author":1,"featured_media":1475,"comment_status":"open","ping_status":"closed","sticky":false,"template":"","format":"standard","meta":{"jetpack_publicize_message":"Arranco IV Encuentro nacional de Museos Comunitarios Uyuni-2018 \u201cPor las rutas del Tunupa\u201d","jetpack_is_tweetstorm":false,"jetpack_publicize_feature_enabled":true},"categories":[5],"tags":[45,48],"jetpack_publicize_connections":[],"jetpack_featured_media_url":"https:\/\/i0.wp.com\/cvis3.cebem.org\/wp-content\/uploads\/2018\/05\/IV_Encuentro-nacional_Museos_Uyuni-2018.jpg?fit=1280%2C426&ssl=1","jetpack_sharing_enabled":true,"jetpack-related-posts":[],"_links":{"self":[{"href":"https:\/\/cvis3.cebem.org\/index.php?rest_route=\/wp\/v2\/posts\/1474"}],"collection":[{"href":"https:\/\/cvis3.cebem.org\/index.php?rest_route=\/wp\/v2\/posts"}],"about":[{"href":"https:\/\/cvis3.cebem.org\/index.php?rest_route=\/wp\/v2\/types\/post"}],"author":[{"embeddable":true,"href":"https:\/\/cvis3.cebem.org\/index.php?rest_route=\/wp\/v2\/users\/1"}],"replies":[{"embeddable":true,"href":"https:\/\/cvis3.cebem.org\/index.php?rest_route=%2Fwp%2Fv2%2Fcomments&post=1474"}],"version-history":[{"count":1,"href":"https:\/\/cvis3.cebem.org\/index.php?rest_route=\/wp\/v2\/posts\/1474\/revisions"}],"predecessor-version":[{"id":1476,"href":"https:\/\/cvis3.cebem.org\/index.php?rest_route=\/wp\/v2\/posts\/1474\/revisions\/1476"}],"wp:featuredmedia":[{"embeddable":true,"href":"https:\/\/cvis3.cebem.org\/index.php?rest_route=\/wp\/v2\/media\/1475"}],"wp:attachment":[{"href":"https:\/\/cvis3.cebem.org\/index.php?rest_route=%2Fwp%2Fv2%2Fmedia&parent=1474"}],"wp:term":[{"taxonomy":"category","embeddable":true,"href":"https:\/\/cvis3.cebem.org\/index.php?rest_route=%2Fwp%2Fv2%2Fcategories&post=1474"},{"taxonomy":"post_tag","embeddable":true,"href":"https:\/\/cvis3.cebem.org\/index.php?rest_route=%2Fwp%2Fv2%2Ftags&post=1474"}],"curies":[{"name":"wp","href":"https:\/\/api.w.org\/{rel}","templated":true}]}}