{"id":1583,"date":"2018-06-14T17:53:32","date_gmt":"2018-06-14T21:53:32","guid":{"rendered":"http:\/\/cvis3.cebem.org\/?p=1583"},"modified":"2018-06-14T17:53:32","modified_gmt":"2018-06-14T21:53:32","slug":"boletin-desde-los-territorios-las-mujeres-se-empoderan","status":"publish","type":"post","link":"https:\/\/cvis3.cebem.org\/?p=1583","title":{"rendered":"Bolet\u00edn: Desde los territorios las mujeres se empoderan"},"content":{"rendered":"<p><a href=\"https:\/\/i0.wp.com\/cvis3.cebem.org\/wp-content\/uploads\/2018\/06\/mail-15mayo.jpg?ssl=1\"><img data-attachment-id=\"1584\" data-permalink=\"https:\/\/cvis3.cebem.org\/?attachment_id=1584\" data-orig-file=\"https:\/\/i0.wp.com\/cvis3.cebem.org\/wp-content\/uploads\/2018\/06\/mail-15mayo.jpg?fit=1165%2C723&amp;ssl=1\" data-orig-size=\"1165,723\" data-comments-opened=\"1\" data-image-meta=\"{&quot;aperture&quot;:&quot;0&quot;,&quot;credit&quot;:&quot;&quot;,&quot;camera&quot;:&quot;&quot;,&quot;caption&quot;:&quot;&quot;,&quot;created_timestamp&quot;:&quot;0&quot;,&quot;copyright&quot;:&quot;&quot;,&quot;focal_length&quot;:&quot;0&quot;,&quot;iso&quot;:&quot;0&quot;,&quot;shutter_speed&quot;:&quot;0&quot;,&quot;title&quot;:&quot;&quot;,&quot;orientation&quot;:&quot;0&quot;}\" data-image-title=\"mail-15mayo\" data-image-description=\"\" data-image-caption=\"\" data-medium-file=\"https:\/\/i0.wp.com\/cvis3.cebem.org\/wp-content\/uploads\/2018\/06\/mail-15mayo.jpg?fit=300%2C186&amp;ssl=1\" data-large-file=\"https:\/\/i0.wp.com\/cvis3.cebem.org\/wp-content\/uploads\/2018\/06\/mail-15mayo.jpg?fit=900%2C558&amp;ssl=1\" loading=\"lazy\" class=\"aligncenter wp-image-1584\" src=\"https:\/\/i0.wp.com\/cvis3.cebem.org\/wp-content\/uploads\/2018\/06\/mail-15mayo.jpg?resize=500%2C310&#038;ssl=1\" alt=\"\" width=\"500\" height=\"310\" srcset=\"https:\/\/i0.wp.com\/cvis3.cebem.org\/wp-content\/uploads\/2018\/06\/mail-15mayo.jpg?resize=1024%2C635&amp;ssl=1 1024w, https:\/\/i0.wp.com\/cvis3.cebem.org\/wp-content\/uploads\/2018\/06\/mail-15mayo.jpg?resize=300%2C186&amp;ssl=1 300w, https:\/\/i0.wp.com\/cvis3.cebem.org\/wp-content\/uploads\/2018\/06\/mail-15mayo.jpg?resize=768%2C477&amp;ssl=1 768w, https:\/\/i0.wp.com\/cvis3.cebem.org\/wp-content\/uploads\/2018\/06\/mail-15mayo.jpg?resize=600%2C372&amp;ssl=1 600w, https:\/\/i0.wp.com\/cvis3.cebem.org\/wp-content\/uploads\/2018\/06\/mail-15mayo.jpg?resize=150%2C93&amp;ssl=1 150w, https:\/\/i0.wp.com\/cvis3.cebem.org\/wp-content\/uploads\/2018\/06\/mail-15mayo.jpg?w=1165&amp;ssl=1 1165w\" sizes=\"(max-width: 500px) 100vw, 500px\" data-recalc-dims=\"1\" \/><\/a>Am\u00e9rica Latina y el Caribe se encuentra en un momento \u00fanico para trabajar conjuntamente por los derechos, el empoderamiento y la participaci\u00f3n activa de las ni\u00f1as y mujeres rurales. La agricultura sigue siendo el sector de empleo m\u00e1s importante de las mujeres en los pa\u00edses en desarrollo y en las zonas rurales. Pero este sector se caracteriza por el empleo informal m\u00e1s elevado, con trabajo infantil, y bajos niveles de protecci\u00f3n social y derechos laborales.<\/p>\n<p>Las mujeres rurales garantizan la seguridad alimentaria de sus comunidades y fortalecen las econom\u00edas. Sin embargo, como lo se\u00f1ala el \u201cInforme del Secretario General de las Naciones Unidas: Desaf\u00edos y oportunidades en el logro de la igualdad de g\u00e9nero y el empoderamiento de las mujeres y ni\u00f1as rurales\u201d las desigualdades de g\u00e9nero, junto con un panorama econ\u00f3mico, tecnol\u00f3gico y ambiental que cambia r\u00e1pidamente, limitan el pleno potencial de las mujeres, situ\u00e1ndolas por detr\u00e1s de las mujeres urbanas y los hombres.<\/p>\n<p>En este bolet\u00edn, les compartimos informaci\u00f3n sobre el trabajo del PNUD y sus contrapartes a nivel regional y nacional para alcanzar m\u00e1s igualdad para las mujeres rurales y empoderamiento econ\u00f3mico de las mujeres rurales.<\/p>\n<p>El Bolet\u00edn se enfocar\u00e1 este mes sobre las mujeres rurales, las principales conclusiones del 62\u00ba periodo de sesiones de la Comisi\u00f3n de la Condici\u00f3n Jur\u00eddica y Social de la Mujer de las Naciones Unidas (CSW62), que se celebr\u00f3 del 12 al 23 de marzo del 2018 cuyo tema era \u201cDesaf\u00edos y oportunidades en el logro de la igualdad entre los g\u00e9neros y el empoderamiento de las mujeres y las ni\u00f1as rurales\u201d y la IV Cumbre Iberoamericana de Agendas Locales de G\u00e9nero que se centra sobre el empoderamiento econ\u00f3mico, pol\u00edtico y f\u00edsico de las mujeres a nivel local y territorial.<\/p>\n<p><em>Equipo de G\u00e9nero del Centro Regional del PNUD para Am\u00e9rica Latina y el Caribe<\/em><\/p>\n<h4><a href=\"https:\/\/sway.com\/q9YEg6F61xq3rk8x?ref=Link\" target=\"_blank\" rel=\"noopener\">Ver bolet\u00edn<\/a><\/h4>\n","protected":false},"excerpt":{"rendered":"<p>Am\u00e9rica Latina y el Caribe se encuentra en un momento \u00fanico para trabajar conjuntamente por los derechos, el empoderamiento y la participaci\u00f3n activa de las ni\u00f1as y mujeres rurales. La agricultura sigue siendo el sector de empleo m\u00e1s importante de las mujeres en los pa\u00edses en desarrollo y en las\u2026<\/p>\n<p> <a class=\"continue-reading-link\" href=\"https:\/\/cvis3.cebem.org\/?p=1583\"><span>Continuar leyendo<\/span><i class=\"crycon-right-dir\"><\/i><\/a> <\/p>\n","protected":false},"author":1,"featured_media":1584,"comment_status":"open","ping_status":"closed","sticky":false,"template":"","format":"standard","meta":{"jetpack_publicize_message":"#Bolet\u00edn: Desde los territorios las #mujeres se empoderan","jetpack_is_tweetstorm":false,"jetpack_publicize_feature_enabled":true},"categories":[17],"tags":[52,45,51],"jetpack_publicize_connections":[],"jetpack_featured_media_url":"https:\/\/i0.wp.com\/cvis3.cebem.org\/wp-content\/uploads\/2018\/06\/mail-15mayo.jpg?fit=1165%2C723&ssl=1","jetpack_sharing_enabled":true,"jetpack-related-posts":[],"_links":{"self":[{"href":"https:\/\/cvis3.cebem.org\/index.php?rest_route=\/wp\/v2\/posts\/1583"}],"collection":[{"href":"https:\/\/cvis3.cebem.org\/index.php?rest_route=\/wp\/v2\/posts"}],"about":[{"href":"https:\/\/cvis3.cebem.org\/index.php?rest_route=\/wp\/v2\/types\/post"}],"author":[{"embeddable":true,"href":"https:\/\/cvis3.cebem.org\/index.php?rest_route=\/wp\/v2\/users\/1"}],"replies":[{"embeddable":true,"href":"https:\/\/cvis3.cebem.org\/index.php?rest_route=%2Fwp%2Fv2%2Fcomments&post=1583"}],"version-history":[{"count":1,"href":"https:\/\/cvis3.cebem.org\/index.php?rest_route=\/wp\/v2\/posts\/1583\/revisions"}],"predecessor-version":[{"id":1585,"href":"https:\/\/cvis3.cebem.org\/index.php?rest_route=\/wp\/v2\/posts\/1583\/revisions\/1585"}],"wp:featuredmedia":[{"embeddable":true,"href":"https:\/\/cvis3.cebem.org\/index.php?rest_route=\/wp\/v2\/media\/1584"}],"wp:attachment":[{"href":"https:\/\/cvis3.cebem.org\/index.php?rest_route=%2Fwp%2Fv2%2Fmedia&parent=1583"}],"wp:term":[{"taxonomy":"category","embeddable":true,"href":"https:\/\/cvis3.cebem.org\/index.php?rest_route=%2Fwp%2Fv2%2Fcategories&post=1583"},{"taxonomy":"post_tag","embeddable":true,"href":"https:\/\/cvis3.cebem.org\/index.php?rest_route=%2Fwp%2Fv2%2Ftags&post=1583"}],"curies":[{"name":"wp","href":"https:\/\/api.w.org\/{rel}","templated":true}]}}