{"id":372,"date":"2016-09-12T20:11:33","date_gmt":"2016-09-13T00:11:33","guid":{"rendered":"http:\/\/cvis3.cebem.org\/?p=372"},"modified":"2016-12-23T11:23:09","modified_gmt":"2016-12-23T15:23:09","slug":"foro-sobre-turismo-patrimonial-en-bolivia-ecuador-y-peru-un-camino-de-integracion-y-cooperacion-sur-sur","status":"publish","type":"post","link":"https:\/\/cvis3.cebem.org\/?p=372","title":{"rendered":"Foro sobre Turismo patrimonial en Bolivia, Ecuador y Per\u00fa, un camino de integraci\u00f3n y cooperaci\u00f3n Sur-Sur"},"content":{"rendered":"<p><img data-attachment-id=\"374\" data-permalink=\"https:\/\/cvis3.cebem.org\/?attachment_id=374\" data-orig-file=\"https:\/\/i0.wp.com\/cvis3.cebem.org\/wp-content\/uploads\/2016\/09\/14232421_10209080792450511_2476380127016105352_n.jpg?fit=960%2C720&amp;ssl=1\" data-orig-size=\"960,720\" data-comments-opened=\"1\" data-image-meta=\"{&quot;aperture&quot;:&quot;0&quot;,&quot;credit&quot;:&quot;&quot;,&quot;camera&quot;:&quot;&quot;,&quot;caption&quot;:&quot;&quot;,&quot;created_timestamp&quot;:&quot;0&quot;,&quot;copyright&quot;:&quot;&quot;,&quot;focal_length&quot;:&quot;0&quot;,&quot;iso&quot;:&quot;0&quot;,&quot;shutter_speed&quot;:&quot;0&quot;,&quot;title&quot;:&quot;&quot;,&quot;orientation&quot;:&quot;0&quot;}\" data-image-title=\"14232421_10209080792450511_2476380127016105352_n\" data-image-description=\"\" data-image-caption=\"\" data-medium-file=\"https:\/\/i0.wp.com\/cvis3.cebem.org\/wp-content\/uploads\/2016\/09\/14232421_10209080792450511_2476380127016105352_n.jpg?fit=300%2C225&amp;ssl=1\" data-large-file=\"https:\/\/i0.wp.com\/cvis3.cebem.org\/wp-content\/uploads\/2016\/09\/14232421_10209080792450511_2476380127016105352_n.jpg?fit=900%2C675&amp;ssl=1\" loading=\"lazy\" class=\"alignleft size-medium wp-image-374\" src=\"https:\/\/i0.wp.com\/cvis3.cebem.org\/wp-content\/uploads\/2016\/09\/14232421_10209080792450511_2476380127016105352_n.jpg?resize=300%2C225&#038;ssl=1\" alt=\"14232421_10209080792450511_2476380127016105352_n\" width=\"300\" height=\"225\" srcset=\"https:\/\/i0.wp.com\/cvis3.cebem.org\/wp-content\/uploads\/2016\/09\/14232421_10209080792450511_2476380127016105352_n.jpg?resize=300%2C225&amp;ssl=1 300w, https:\/\/i0.wp.com\/cvis3.cebem.org\/wp-content\/uploads\/2016\/09\/14232421_10209080792450511_2476380127016105352_n.jpg?resize=768%2C576&amp;ssl=1 768w, https:\/\/i0.wp.com\/cvis3.cebem.org\/wp-content\/uploads\/2016\/09\/14232421_10209080792450511_2476380127016105352_n.jpg?resize=600%2C450&amp;ssl=1 600w, https:\/\/i0.wp.com\/cvis3.cebem.org\/wp-content\/uploads\/2016\/09\/14232421_10209080792450511_2476380127016105352_n.jpg?resize=200%2C150&amp;ssl=1 200w, https:\/\/i0.wp.com\/cvis3.cebem.org\/wp-content\/uploads\/2016\/09\/14232421_10209080792450511_2476380127016105352_n.jpg?resize=150%2C113&amp;ssl=1 150w, https:\/\/i0.wp.com\/cvis3.cebem.org\/wp-content\/uploads\/2016\/09\/14232421_10209080792450511_2476380127016105352_n.jpg?w=960&amp;ssl=1 960w\" sizes=\"(max-width: 300px) 100vw, 300px\" data-recalc-dims=\"1\" \/>El Gobierno de Bolivia, la Cooperaci\u00f3n Italiana y el PNUD apoyan el intercambio de experiencias y lecciones aprendidas en el manejo y la gesti\u00f3n de potencialidades patrimoniales y atractivos tur\u00edsticos, para reducir la pobreza en las comunidades involucradas.<\/p>\n<p>\u201cPosicionar al Qhapaq \u00d1an como una propuesta tur\u00edstica patrimonial, que contextualiza patrones hist\u00f3ricos, culturales y generacionales, que provienen de distintas\u00a0 culturas como las de Chiripa, Tiahuanacu, Wari, Mollo, Aymara, Qhechua e Inca.\u201d<\/p>\n<p>El Viceministro de Interculturalidad, Jhonny Tola manifest\u00f3 que el Qhapaq \u00d1an significa el \u201cajayu\u201d (esp\u00edritu) perdido, ahora se traduce en poder socializar, en poner a la pr\u00e1ctica aquella ciencia y tecnolog\u00eda.<\/p>\n<p>La Directora General de Patrimonio Cultural del Ministerio de Culturas y Turismo, Sonia Avil\u00e9s: \u201cel Qhapaq \u00d1an es un patrimonio viviente, es una experiencia aprendida de las comunidades\u201d. \u201cEs importante en Bolivia impulsar una etnograf\u00eda aplicada, el sue\u00f1o de hacer una arqueolog\u00eda social-comunitaria que nazca de los pueblos ind\u00edgenas para los pueblos ind\u00edgenas\u201d, acot\u00f3.<\/p>\n<p><strong>M\u00e1s informacion:<\/strong><\/p>\n<ul>\n<li><a href=\"https:\/\/cvis3.cebem.org\/wp-content\/uploads\/2016\/09\/Programa-FORO-NACIONAL.pdf\" target=\"_blank\">Descargar Programa del Foro<\/a><\/li>\n<li>Nota en la p\u00e1gina del <a href=\"http:\/\/www.minculturas.gob.bo\/index.php\/prensa\/noticias\/2423-viceministros-de-turismo-e-interculturalidad-inauguran-foro-nacional-articulando-el-turismo-y-el-patrimonio-recorriendo-el-qhapaq-nan\" target=\"_blank\">Ministerio de Cultura y Turismo<\/a><\/li>\n<li>Nota en la p\u00e1gina de <a href=\"https:\/\/art.pnud.bo\/2016\/09\/14\/foro-nacional-qhapaq-nan-bolivia-busca-el-desarrollo-y-hermanamiento-de-pueblos\/\" target=\"_blank\">PNUD ART Bolivia<\/a><\/li>\n<\/ul>\n<p class=\"jetpack-slideshow-noscript robots-nocontent\">El pase de diapositivas requiere JavaScript.<\/p><div id=\"gallery-372-1-slideshow\" class=\"jetpack-slideshow-window jetpack-slideshow jetpack-slideshow-black\" data-trans=\"fade\" data-autostart=\"1\" data-gallery=\"[{&quot;src&quot;:&quot;https:\\\/\\\/i0.wp.com\\\/cvis3.cebem.org\\\/wp-content\\\/uploads\\\/2016\\\/09\\\/DSC_0001.jpg?fit=1024%2C576\\u0026ssl=1&quot;,&quot;id&quot;:&quot;375&quot;,&quot;title&quot;:&quot;dsc_0001&quot;,&quot;alt&quot;:&quot;&quot;,&quot;caption&quot;:&quot;&quot;,&quot;itemprop&quot;:&quot;image&quot;},{&quot;src&quot;:&quot;https:\\\/\\\/i0.wp.com\\\/cvis3.cebem.org\\\/wp-content\\\/uploads\\\/2016\\\/09\\\/14212141_10209080791810495_4595970863561211692_n.jpg?fit=576%2C768\\u0026ssl=1&quot;,&quot;id&quot;:&quot;376&quot;,&quot;title&quot;:&quot;14212141_10209080791810495_4595970863561211692_n&quot;,&quot;alt&quot;:&quot;&quot;,&quot;caption&quot;:&quot;&quot;,&quot;itemprop&quot;:&quot;image&quot;},{&quot;src&quot;:&quot;https:\\\/\\\/i0.wp.com\\\/cvis3.cebem.org\\\/wp-content\\\/uploads\\\/2016\\\/09\\\/14316698_10209080792250506_5629759811903068543_n.jpg?fit=576%2C768\\u0026ssl=1&quot;,&quot;id&quot;:&quot;377&quot;,&quot;title&quot;:&quot;14316698_10209080792250506_5629759811903068543_n&quot;,&quot;alt&quot;:&quot;&quot;,&quot;caption&quot;:&quot;&quot;,&quot;itemprop&quot;:&quot;image&quot;},{&quot;src&quot;:&quot;https:\\\/\\\/i0.wp.com\\\/cvis3.cebem.org\\\/wp-content\\\/uploads\\\/2016\\\/09\\\/comunariosweb.jpg?fit=640%2C373\\u0026ssl=1&quot;,&quot;id&quot;:&quot;378&quot;,&quot;title&quot;:&quot;comunariosweb&quot;,&quot;alt&quot;:&quot;&quot;,&quot;caption&quot;:&quot;&quot;,&quot;itemprop&quot;:&quot;image&quot;},{&quot;src&quot;:&quot;https:\\\/\\\/i0.wp.com\\\/cvis3.cebem.org\\\/wp-content\\\/uploads\\\/2016\\\/09\\\/DSC_0010_3.jpg?fit=1024%2C576\\u0026ssl=1&quot;,&quot;id&quot;:&quot;379&quot;,&quot;title&quot;:&quot;dsc_0010_3&quot;,&quot;alt&quot;:&quot;&quot;,&quot;caption&quot;:&quot;&quot;,&quot;itemprop&quot;:&quot;image&quot;},{&quot;src&quot;:&quot;https:\\\/\\\/i0.wp.com\\\/cvis3.cebem.org\\\/wp-content\\\/uploads\\\/2016\\\/09\\\/comunariosweb-copia.jpg?fit=640%2C373\\u0026ssl=1&quot;,&quot;id&quot;:&quot;380&quot;,&quot;title&quot;:&quot;comunariosweb-copia&quot;,&quot;alt&quot;:&quot;&quot;,&quot;caption&quot;:&quot;&quot;,&quot;itemprop&quot;:&quot;image&quot;},{&quot;src&quot;:&quot;https:\\\/\\\/i0.wp.com\\\/cvis3.cebem.org\\\/wp-content\\\/uploads\\\/2016\\\/09\\\/DSC_0012_4-copia.jpg?fit=1024%2C576\\u0026ssl=1&quot;,&quot;id&quot;:&quot;381&quot;,&quot;title&quot;:&quot;dsc_0012_4-copia&quot;,&quot;alt&quot;:&quot;&quot;,&quot;caption&quot;:&quot;&quot;,&quot;itemprop&quot;:&quot;image&quot;},{&quot;src&quot;:&quot;https:\\\/\\\/i0.wp.com\\\/cvis3.cebem.org\\\/wp-content\\\/uploads\\\/2016\\\/09\\\/DSC_0030_2-copia.jpg?fit=1024%2C576\\u0026ssl=1&quot;,&quot;id&quot;:&quot;382&quot;,&quot;title&quot;:&quot;dsc_0030_2-copia&quot;,&quot;alt&quot;:&quot;&quot;,&quot;caption&quot;:&quot;&quot;,&quot;itemprop&quot;:&quot;image&quot;},{&quot;src&quot;:&quot;https:\\\/\\\/i0.wp.com\\\/cvis3.cebem.org\\\/wp-content\\\/uploads\\\/2016\\\/09\\\/DSC_0021_3-copia.jpg?fit=1024%2C576\\u0026ssl=1&quot;,&quot;id&quot;:&quot;383&quot;,&quot;title&quot;:&quot;dsc_0021_3-copia&quot;,&quot;alt&quot;:&quot;&quot;,&quot;caption&quot;:&quot;&quot;,&quot;itemprop&quot;:&quot;image&quot;},{&quot;src&quot;:&quot;https:\\\/\\\/i0.wp.com\\\/cvis3.cebem.org\\\/wp-content\\\/uploads\\\/2016\\\/09\\\/DSC_0025_2-copia.jpg?fit=1024%2C576\\u0026ssl=1&quot;,&quot;id&quot;:&quot;384&quot;,&quot;title&quot;:&quot;dsc_0025_2-copia&quot;,&quot;alt&quot;:&quot;&quot;,&quot;caption&quot;:&quot;&quot;,&quot;itemprop&quot;:&quot;image&quot;}]\" itemscope itemtype=\"https:\/\/schema.org\/ImageGallery\"><\/div>\n","protected":false},"excerpt":{"rendered":"<p>El Gobierno de Bolivia, la Cooperaci\u00f3n Italiana y el PNUD apoyan el intercambio de experiencias y lecciones aprendidas en el manejo y la gesti\u00f3n de potencialidades patrimoniales y atractivos tur\u00edsticos, para reducir la pobreza en las comunidades involucradas. \u201cPosicionar al Qhapaq \u00d1an como una propuesta tur\u00edstica patrimonial, que contextualiza patrones\u2026<\/p>\n<p> <a class=\"continue-reading-link\" href=\"https:\/\/cvis3.cebem.org\/?p=372\"><span>Continuar leyendo<\/span><i class=\"crycon-right-dir\"><\/i><\/a> <\/p>\n","protected":false},"author":1,"featured_media":374,"comment_status":"open","ping_status":"closed","sticky":false,"template":"","format":"standard","meta":{"jetpack_publicize_message":"","jetpack_is_tweetstorm":false,"jetpack_publicize_feature_enabled":true},"categories":[22,5],"tags":[15,14],"jetpack_publicize_connections":[],"jetpack_featured_media_url":"https:\/\/i0.wp.com\/cvis3.cebem.org\/wp-content\/uploads\/2016\/09\/14232421_10209080792450511_2476380127016105352_n.jpg?fit=960%2C720&ssl=1","jetpack_sharing_enabled":true,"jetpack-related-posts":[],"_links":{"self":[{"href":"https:\/\/cvis3.cebem.org\/index.php?rest_route=\/wp\/v2\/posts\/372"}],"collection":[{"href":"https:\/\/cvis3.cebem.org\/index.php?rest_route=\/wp\/v2\/posts"}],"about":[{"href":"https:\/\/cvis3.cebem.org\/index.php?rest_route=\/wp\/v2\/types\/post"}],"author":[{"embeddable":true,"href":"https:\/\/cvis3.cebem.org\/index.php?rest_route=\/wp\/v2\/users\/1"}],"replies":[{"embeddable":true,"href":"https:\/\/cvis3.cebem.org\/index.php?rest_route=%2Fwp%2Fv2%2Fcomments&post=372"}],"version-history":[{"count":10,"href":"https:\/\/cvis3.cebem.org\/index.php?rest_route=\/wp\/v2\/posts\/372\/revisions"}],"predecessor-version":[{"id":411,"href":"https:\/\/cvis3.cebem.org\/index.php?rest_route=\/wp\/v2\/posts\/372\/revisions\/411"}],"wp:featuredmedia":[{"embeddable":true,"href":"https:\/\/cvis3.cebem.org\/index.php?rest_route=\/wp\/v2\/media\/374"}],"wp:attachment":[{"href":"https:\/\/cvis3.cebem.org\/index.php?rest_route=%2Fwp%2Fv2%2Fmedia&parent=372"}],"wp:term":[{"taxonomy":"category","embeddable":true,"href":"https:\/\/cvis3.cebem.org\/index.php?rest_route=%2Fwp%2Fv2%2Fcategories&post=372"},{"taxonomy":"post_tag","embeddable":true,"href":"https:\/\/cvis3.cebem.org\/index.php?rest_route=%2Fwp%2Fv2%2Ftags&post=372"}],"curies":[{"name":"wp","href":"https:\/\/api.w.org\/{rel}","templated":true}]}}