{"id":391,"date":"2016-09-13T10:34:42","date_gmt":"2016-09-13T14:34:42","guid":{"rendered":"http:\/\/cvis3.cebem.org\/?p=391"},"modified":"2016-12-23T11:24:55","modified_gmt":"2016-12-23T15:24:55","slug":"iberoamerica-destaca-su-liderazgo-en-cooperacion-sur-sur-en-dia-internacional","status":"publish","type":"post","link":"https:\/\/cvis3.cebem.org\/?p=391","title":{"rendered":"Iberoam\u00e9rica destaca su liderazgo en Cooperaci\u00f3n Sur-Sur en d\u00eda internacional"},"content":{"rendered":"<p><span id=\"ctl14_lblMostra\"><img data-attachment-id=\"392\" data-permalink=\"https:\/\/cvis3.cebem.org\/?attachment_id=392\" data-orig-file=\"https:\/\/i0.wp.com\/cvis3.cebem.org\/wp-content\/uploads\/2016\/09\/coopsursur.jpg?fit=600%2C319&amp;ssl=1\" data-orig-size=\"600,319\" data-comments-opened=\"1\" data-image-meta=\"{&quot;aperture&quot;:&quot;0&quot;,&quot;credit&quot;:&quot;&quot;,&quot;camera&quot;:&quot;&quot;,&quot;caption&quot;:&quot;&quot;,&quot;created_timestamp&quot;:&quot;0&quot;,&quot;copyright&quot;:&quot;&quot;,&quot;focal_length&quot;:&quot;0&quot;,&quot;iso&quot;:&quot;0&quot;,&quot;shutter_speed&quot;:&quot;0&quot;,&quot;title&quot;:&quot;&quot;,&quot;orientation&quot;:&quot;0&quot;}\" data-image-title=\"coopsursur\" data-image-description=\"\" data-image-caption=\"\" data-medium-file=\"https:\/\/i0.wp.com\/cvis3.cebem.org\/wp-content\/uploads\/2016\/09\/coopsursur.jpg?fit=300%2C160&amp;ssl=1\" data-large-file=\"https:\/\/i0.wp.com\/cvis3.cebem.org\/wp-content\/uploads\/2016\/09\/coopsursur.jpg?fit=600%2C319&amp;ssl=1\" loading=\"lazy\" class=\"size-medium wp-image-392 alignleft\" src=\"https:\/\/i0.wp.com\/cvis3.cebem.org\/wp-content\/uploads\/2016\/09\/coopsursur.jpg?resize=300%2C160&#038;ssl=1\" alt=\"coopsursur\" width=\"300\" height=\"160\" srcset=\"https:\/\/i0.wp.com\/cvis3.cebem.org\/wp-content\/uploads\/2016\/09\/coopsursur.jpg?resize=300%2C160&amp;ssl=1 300w, https:\/\/i0.wp.com\/cvis3.cebem.org\/wp-content\/uploads\/2016\/09\/coopsursur.jpg?w=600&amp;ssl=1 600w, https:\/\/i0.wp.com\/cvis3.cebem.org\/wp-content\/uploads\/2016\/09\/coopsursur.jpg?resize=250%2C133&amp;ssl=1 250w, https:\/\/i0.wp.com\/cvis3.cebem.org\/wp-content\/uploads\/2016\/09\/coopsursur.jpg?resize=150%2C80&amp;ssl=1 150w\" sizes=\"(max-width: 300px) 100vw, 300px\" data-recalc-dims=\"1\" \/>La <strong>Secretar\u00eda General iberoamericana<\/strong> (Segib) destac\u00f3, en el D\u00eda Internacional de la Cooperaci\u00f3n Sur-Sur, el liderazgo de la regi\u00f3n en esta materia, en la que los 22 pa\u00edses iberoamericanos acumulan cerca de 7.500 proyectos desde 2007.<\/span><br \/>\n<span id=\"ctl14_lblMostra\"><\/span><\/p>\n<div id=\"texto\" class=\"texto_txt\">\n<div class=\"DETALLE_N_texto \">\n<p><span id=\"ctl14_lblMostra\">\u201cSomos pioneros, no veo que otros gobiernos est\u00e9n tan involucrados\u201d, dijo a<strong> Efe Salvador Arriola<\/strong>, secretario para la Cooperaci\u00f3n de la Secretar\u00eda General Iberoamericana, que elabora el informe anual que se ha convertido en referencia a nivel mundial.<\/span><\/p>\n<p>Las pol\u00edticas de cooperaci\u00f3n Sur-Sur fomentan el intercambio de recursos, tecnolog\u00eda y conocimiento entre pa\u00edses en desarrollo, de las que emanan ejemplos como las conocidas \u201cmisiones\u201d de m\u00e9dicos cubanos en Venezuela, Brasil o Ecuador.<\/p>\n<p>El secretario general de Naciones Unidas, <strong>Ban Ki-moon<\/strong>, con motivo de este d\u00eda internacional, destac\u00f3 a trav\u00e9s de una nota de prensa el \u201cfuerte impulso al desarrollo en todo el Sur\u201d que se debe dar \u201cpara alcanzar los Objetivos de Desarrollo Sostenible\u201d.<\/p>\n<p>\u201cNo hay ejercicios de otras regiones que permitan ni siquiera comparar lo que se hace en Iberoam\u00e9rica en materia de Cooperaci\u00f3n Sur-Sur\u201d, se\u00f1ala Arriola, quien asegura que este tipo de colaboraci\u00f3n entre los Estados iberoamericanos goza \u201cde buena salud\u201d.<\/p>\n<p>\u201cCreo que estamos bien, todo este ejercicio que registra el informe de los 7.500 proyectos, lo estamos tambi\u00e9n utilizando para sectorializar la cooperaci\u00f3n, para profundizar en la informaci\u00f3n que recopilamos\u201d, explica.<\/p>\n<p>El primer ejercicio en el que se \u201cprofundiz\u00f3\u201d en esa informaci\u00f3n fue en la reciente reuni\u00f3n de ministros iberoamericanos de Salud del 5 y 6 de este mes que se celebr\u00f3 en Cartagena de Indias (Colombia) dentro de los encuentros de preparaci\u00f3n de la XXV Cumbre iberoamericana de los pr\u00f3ximos 28 y 29 de octubre.<\/p>\n<p>\u201cLo que hicimos fue presentar un informe de salud basado en la Cooperaci\u00f3n Sur-Sur, algo que pretendemos seguir haciendo en otros sectores\u201d, adelant\u00f3 Arriola.<\/p>\n<p>\u201cExisten otras regiones en las que se hace esta cooperaci\u00f3n pero no existe otra regi\u00f3n en el mundo donde se haga este informe\u201d, destac\u00f3 el responsable del \u00e1rea de Cohesi\u00f3n Social de Segib, <strong>Mart\u00edn Rivero<\/strong>.<\/p>\n<p>Seg\u00fan Rivero, desde el programa iberoamericano para el Fortalecimiento de la Cooperaci\u00f3n Sur-Sur se ha empezado ya a \u201calinear\u201d estas pol\u00edticas con los Objetivos de Desarrollo Sostenible tras una d\u00e9cada y media \u201cde una cooperaci\u00f3n fuerte y exitosa\u201d.<\/p>\n<p>\u201cLa gran virtud es que plantea soluciones realizables a los problemas que realmente tiene la poblaci\u00f3n iberoamericana y muchas veces una peculiaridad que se da es que quienes m\u00e1s dan en cooperaci\u00f3n son pa\u00edses que, a la luz del p\u00fablico, tiene mucho problemas en eso\u201d, reflexion\u00f3.<\/p>\n<p>Es debido a esa \u201cnecesidad\u201d de atajar esos problemas que los pa\u00edses tengan \u201cmuchas capacidades\u201d para resolverlos \u201ccon recursos muy limitados\u201d y puedan compartir las soluciones con otros pa\u00edses que cuenten con problem\u00e1ticas similares.<\/p>\n<p>\u201cCuando queremos una pol\u00edtica de transplantes de \u00f3rganos se nos viene a la cabeza Alemania o Estados Unidos, pero no, de repente Guatemala u Honduras acuden a Argentina o Uruguay que tienen un sistema similar\u201d, ejemplifica.<\/p>\n<h4><strong>Fuente:<\/strong> <a href=\"http:\/\/www.infolatam.com\/2016\/09\/12\/iberoamerica-destaca-su-liderazgo-en-cooperacion-sur-sur-en-dia-internacional\/?utm_source=Newsletter%20de%20Infolatam&amp;utm_medium=email&amp;utm_campaign=Newsletter_13_septiembre_2016_Argentina:%20lo%20que%20le%20espera%20a%20Mauricio%20Macri\" target=\"_blank\">Infolatam\/Efe<\/a><\/h4>\n<\/div>\n<\/div>\n","protected":false},"excerpt":{"rendered":"<p>La Secretar\u00eda General iberoamericana (Segib) destac\u00f3, en el D\u00eda Internacional de la Cooperaci\u00f3n Sur-Sur, el liderazgo de la regi\u00f3n en esta materia, en la que los 22 pa\u00edses iberoamericanos acumulan cerca de 7.500 proyectos desde 2007. \u201cSomos pioneros, no veo que otros gobiernos est\u00e9n tan involucrados\u201d, dijo a Efe Salvador\u2026<\/p>\n<p> <a class=\"continue-reading-link\" href=\"https:\/\/cvis3.cebem.org\/?p=391\"><span>Continuar leyendo<\/span><i class=\"crycon-right-dir\"><\/i><\/a> <\/p>\n","protected":false},"author":1,"featured_media":392,"comment_status":"open","ping_status":"closed","sticky":false,"template":"","format":"standard","meta":{"jetpack_publicize_message":"","jetpack_is_tweetstorm":false,"jetpack_publicize_feature_enabled":true},"categories":[22,5],"tags":[15],"jetpack_publicize_connections":[],"jetpack_featured_media_url":"https:\/\/i0.wp.com\/cvis3.cebem.org\/wp-content\/uploads\/2016\/09\/coopsursur.jpg?fit=600%2C319&ssl=1","jetpack_sharing_enabled":true,"jetpack-related-posts":[],"_links":{"self":[{"href":"https:\/\/cvis3.cebem.org\/index.php?rest_route=\/wp\/v2\/posts\/391"}],"collection":[{"href":"https:\/\/cvis3.cebem.org\/index.php?rest_route=\/wp\/v2\/posts"}],"about":[{"href":"https:\/\/cvis3.cebem.org\/index.php?rest_route=\/wp\/v2\/types\/post"}],"author":[{"embeddable":true,"href":"https:\/\/cvis3.cebem.org\/index.php?rest_route=\/wp\/v2\/users\/1"}],"replies":[{"embeddable":true,"href":"https:\/\/cvis3.cebem.org\/index.php?rest_route=%2Fwp%2Fv2%2Fcomments&post=391"}],"version-history":[{"count":1,"href":"https:\/\/cvis3.cebem.org\/index.php?rest_route=\/wp\/v2\/posts\/391\/revisions"}],"predecessor-version":[{"id":393,"href":"https:\/\/cvis3.cebem.org\/index.php?rest_route=\/wp\/v2\/posts\/391\/revisions\/393"}],"wp:featuredmedia":[{"embeddable":true,"href":"https:\/\/cvis3.cebem.org\/index.php?rest_route=\/wp\/v2\/media\/392"}],"wp:attachment":[{"href":"https:\/\/cvis3.cebem.org\/index.php?rest_route=%2Fwp%2Fv2%2Fmedia&parent=391"}],"wp:term":[{"taxonomy":"category","embeddable":true,"href":"https:\/\/cvis3.cebem.org\/index.php?rest_route=%2Fwp%2Fv2%2Fcategories&post=391"},{"taxonomy":"post_tag","embeddable":true,"href":"https:\/\/cvis3.cebem.org\/index.php?rest_route=%2Fwp%2Fv2%2Ftags&post=391"}],"curies":[{"name":"wp","href":"https:\/\/api.w.org\/{rel}","templated":true}]}}