{"id":472,"date":"2016-09-08T17:17:44","date_gmt":"2016-09-08T21:17:44","guid":{"rendered":"http:\/\/cvis3.cebem.org\/?p=472"},"modified":"2016-10-13T17:20:54","modified_gmt":"2016-10-13T21:20:54","slug":"segundo-encuentro-anual-del-programa-global-saemaul-undong-hacia-nuevas-comunidades-inclusivas-y-sostenibles","status":"publish","type":"post","link":"https:\/\/cvis3.cebem.org\/?p=472","title":{"rendered":"Segundo encuentro anual del programa global \u201cSaemaul undong hacia nuevas comunidades inclusivas y sostenibles\u201d"},"content":{"rendered":"<p><img data-attachment-id=\"473\" data-permalink=\"https:\/\/cvis3.cebem.org\/?attachment_id=473\" data-orig-file=\"https:\/\/i0.wp.com\/cvis3.cebem.org\/wp-content\/uploads\/2016\/10\/reunion-cvis3-cbba2016.png?fit=600%2C600&amp;ssl=1\" data-orig-size=\"600,600\" data-comments-opened=\"1\" data-image-meta=\"{&quot;aperture&quot;:&quot;0&quot;,&quot;credit&quot;:&quot;&quot;,&quot;camera&quot;:&quot;&quot;,&quot;caption&quot;:&quot;&quot;,&quot;created_timestamp&quot;:&quot;0&quot;,&quot;copyright&quot;:&quot;&quot;,&quot;focal_length&quot;:&quot;0&quot;,&quot;iso&quot;:&quot;0&quot;,&quot;shutter_speed&quot;:&quot;0&quot;,&quot;title&quot;:&quot;&quot;,&quot;orientation&quot;:&quot;0&quot;}\" data-image-title=\"reunion-cvis3-cbba2016\" data-image-description=\"\" data-image-caption=\"\" data-medium-file=\"https:\/\/i0.wp.com\/cvis3.cebem.org\/wp-content\/uploads\/2016\/10\/reunion-cvis3-cbba2016.png?fit=300%2C300&amp;ssl=1\" data-large-file=\"https:\/\/i0.wp.com\/cvis3.cebem.org\/wp-content\/uploads\/2016\/10\/reunion-cvis3-cbba2016.png?fit=600%2C600&amp;ssl=1\" loading=\"lazy\" class=\"alignleft size-medium wp-image-473\" src=\"https:\/\/i0.wp.com\/cvis3.cebem.org\/wp-content\/uploads\/2016\/10\/reunion-cvis3-cbba2016.png?resize=300%2C300&#038;ssl=1\" alt=\"reunion-cvis3-cbba2016\" width=\"300\" height=\"300\" srcset=\"https:\/\/i0.wp.com\/cvis3.cebem.org\/wp-content\/uploads\/2016\/10\/reunion-cvis3-cbba2016.png?resize=300%2C300&amp;ssl=1 300w, https:\/\/i0.wp.com\/cvis3.cebem.org\/wp-content\/uploads\/2016\/10\/reunion-cvis3-cbba2016.png?resize=150%2C150&amp;ssl=1 150w, https:\/\/i0.wp.com\/cvis3.cebem.org\/wp-content\/uploads\/2016\/10\/reunion-cvis3-cbba2016.png?w=600&amp;ssl=1 600w\" sizes=\"(max-width: 300px) 100vw, 300px\" data-recalc-dims=\"1\" \/>Los d\u00edas 29, 30 y 31\u00a0de\u00a0agosto se realiz\u00f3 en el Hotel Cochabamba el segundo encuentro anual del programa global \u201cSaemaul Undong hacia nuevas comunidades inclusivas y sostenibles\u201d. Participaron en el evento distinguidas autoridades del Ministerio de Desarrollo Productivo, Gobierno Aut\u00f3nomo Departamental de Cochabamba, Gobiernos Aut\u00f3nomo Municipales de Sacaba y Tiquipaya, Gobierno de Corea, Agencia Internacional de Cooperaci\u00f3n Coreana (KOICA), Naciones Unidas y una delegaci\u00f3n de 40 representantes provenientes de \u00c1frica, Asia y Latinoam\u00e9rica donde tambi\u00e9n se desarrolla esta iniciativa.<\/p>\n<p>La iniciativa Saemaul Undong es un programa de desarrollo local integral que aspira a incrementar ganancias de las zonas rurales a trav\u00e9s de proyectos de desarrollo de capacidades locales en el desarrollo productivo, y que tiene como protagonista el soporte del gobierno local. El Ministerio de Desarrollo Productivo, la Gobernaci\u00f3n de Cochabamba, los Gobiernos Aut\u00f3nomos de Sacaba y Tiquipaya, la Agencia Internacional de Cooperaci\u00f3n Coreana (KOICA) y el Programa de las Naciones Unidas (PNUD) tienen como objetivo principal promover el desarrollo humano local, integrado y sostenible en la regi\u00f3n metropolitana de Cochabamba, desarrollando sinergias positivas entre los municipios de las ciudades urbanas y rurales para reducir la pobreza en la regi\u00f3n a trav\u00e9s del desarrollo de capacidades productivas de los peque\u00f1os productores primarios y manufactureros.<\/p>\n<p><strong>\u00a0<\/strong>El encuentro reuni\u00f3 a diferentes autoridades de los pa\u00edses en los que se est\u00e1 implementando la iniciativa SU para debatir progresos, logros espec\u00edficos y retos del programa en cada pa\u00eds. Adem\u00e1s se realiz\u00f3 una feria productiva en la zona de Montecillo Bajo en el municipio de Tiquipaya en donde productoras y productores presentaron los proyectos que se est\u00e1n llevando a cabo con esta iniciativa en ambos municipios, exponiendo su crecimiento empresarial como productores\/as as\u00ed como los desaf\u00edos de sus negocios a las autoridades participantes y explicaron los avances que se est\u00e1n dando.<\/p>\n<p>En conclusi\u00f3n la iniciativa Saemaul Undong, que obtuvo grandes resultados para el desarrollo del pa\u00eds Coreano en los a\u00f1os 70, se constituye en Bolivia como iniciativa y herramienta para el desarrollo de capacidades en el desarrollo productivo, adaptado a las realidades y necesidades del pa\u00eds y sus municipios. Se espera que los socios estrat\u00e9gicos sigan trabajando juntos en alianza por este desaf\u00edo en el tiempo para el desarrollo del Estado Plurinacional en favor de los productores y productoras y la peque\u00f1a empresa.<\/p>\n<h4><strong>Fuente:<\/strong> <a href=\"http:\/\/www.nu.org.bo\/noticias\/destacados-nacionales\/segundo-encuentro-anual-del-programa-global-saemaul-undong-hacia-nuevas-comunidades-inclusivas-y-sostenibles-para-el-desarrollo-productivo-en-la-region-metropolitana-de-cochabamba\/\" target=\"_blank\">ONU Bolivia<\/a><\/h4>\n","protected":false},"excerpt":{"rendered":"<p>Los d\u00edas 29, 30 y 31\u00a0de\u00a0agosto se realiz\u00f3 en el Hotel Cochabamba el segundo encuentro anual del programa global \u201cSaemaul Undong hacia nuevas comunidades inclusivas y sostenibles\u201d. Participaron en el evento distinguidas autoridades del Ministerio de Desarrollo Productivo, Gobierno Aut\u00f3nomo Departamental de Cochabamba, Gobiernos Aut\u00f3nomo Municipales de Sacaba y Tiquipaya,\u2026<\/p>\n<p> <a class=\"continue-reading-link\" href=\"https:\/\/cvis3.cebem.org\/?p=472\"><span>Continuar leyendo<\/span><i class=\"crycon-right-dir\"><\/i><\/a> <\/p>\n","protected":false},"author":1,"featured_media":473,"comment_status":"open","ping_status":"closed","sticky":false,"template":"","format":"standard","meta":{"jetpack_publicize_message":"","jetpack_is_tweetstorm":false,"jetpack_publicize_feature_enabled":true},"categories":[4,5],"tags":[],"jetpack_publicize_connections":[],"jetpack_featured_media_url":"https:\/\/i0.wp.com\/cvis3.cebem.org\/wp-content\/uploads\/2016\/10\/reunion-cvis3-cbba2016.png?fit=600%2C600&ssl=1","jetpack_sharing_enabled":true,"jetpack-related-posts":[],"_links":{"self":[{"href":"https:\/\/cvis3.cebem.org\/index.php?rest_route=\/wp\/v2\/posts\/472"}],"collection":[{"href":"https:\/\/cvis3.cebem.org\/index.php?rest_route=\/wp\/v2\/posts"}],"about":[{"href":"https:\/\/cvis3.cebem.org\/index.php?rest_route=\/wp\/v2\/types\/post"}],"author":[{"embeddable":true,"href":"https:\/\/cvis3.cebem.org\/index.php?rest_route=\/wp\/v2\/users\/1"}],"replies":[{"embeddable":true,"href":"https:\/\/cvis3.cebem.org\/index.php?rest_route=%2Fwp%2Fv2%2Fcomments&post=472"}],"version-history":[{"count":1,"href":"https:\/\/cvis3.cebem.org\/index.php?rest_route=\/wp\/v2\/posts\/472\/revisions"}],"predecessor-version":[{"id":474,"href":"https:\/\/cvis3.cebem.org\/index.php?rest_route=\/wp\/v2\/posts\/472\/revisions\/474"}],"wp:featuredmedia":[{"embeddable":true,"href":"https:\/\/cvis3.cebem.org\/index.php?rest_route=\/wp\/v2\/media\/473"}],"wp:attachment":[{"href":"https:\/\/cvis3.cebem.org\/index.php?rest_route=%2Fwp%2Fv2%2Fmedia&parent=472"}],"wp:term":[{"taxonomy":"category","embeddable":true,"href":"https:\/\/cvis3.cebem.org\/index.php?rest_route=%2Fwp%2Fv2%2Fcategories&post=472"},{"taxonomy":"post_tag","embeddable":true,"href":"https:\/\/cvis3.cebem.org\/index.php?rest_route=%2Fwp%2Fv2%2Ftags&post=472"}],"curies":[{"name":"wp","href":"https:\/\/api.w.org\/{rel}","templated":true}]}}