{"id":669,"date":"2016-11-16T11:14:25","date_gmt":"2016-11-16T15:14:25","guid":{"rendered":"http:\/\/cvis3.cebem.org\/?p=669"},"modified":"2016-11-18T10:27:50","modified_gmt":"2016-11-18T14:27:50","slug":"informe-de-la-cooperacion-sur-sur-en-iberoamerica-2016","status":"publish","type":"post","link":"https:\/\/cvis3.cebem.org\/?p=669","title":{"rendered":"Informe de la Cooperaci\u00f3n Sur-Sur en Iberoam\u00e9rica 2016"},"content":{"rendered":"<p><strong><img data-attachment-id=\"664\" data-permalink=\"https:\/\/cvis3.cebem.org\/?attachment_id=664\" data-orig-file=\"https:\/\/i0.wp.com\/cvis3.cebem.org\/wp-content\/uploads\/2016\/11\/informeCSS-ES-2016-1_P\u00e1gina_001.jpg?fit=800%2C1130&amp;ssl=1\" data-orig-size=\"800,1130\" data-comments-opened=\"1\" data-image-meta=\"{&quot;aperture&quot;:&quot;0&quot;,&quot;credit&quot;:&quot;&quot;,&quot;camera&quot;:&quot;&quot;,&quot;caption&quot;:&quot;&quot;,&quot;created_timestamp&quot;:&quot;0&quot;,&quot;copyright&quot;:&quot;&quot;,&quot;focal_length&quot;:&quot;0&quot;,&quot;iso&quot;:&quot;0&quot;,&quot;shutter_speed&quot;:&quot;0&quot;,&quot;title&quot;:&quot;&quot;,&quot;orientation&quot;:&quot;1&quot;}\" data-image-title=\"informecss-es-2016-1_pagina_001\" data-image-description=\"\" data-image-caption=\"\" data-medium-file=\"https:\/\/i0.wp.com\/cvis3.cebem.org\/wp-content\/uploads\/2016\/11\/informeCSS-ES-2016-1_P\u00e1gina_001.jpg?fit=212%2C300&amp;ssl=1\" data-large-file=\"https:\/\/i0.wp.com\/cvis3.cebem.org\/wp-content\/uploads\/2016\/11\/informeCSS-ES-2016-1_P\u00e1gina_001.jpg?fit=725%2C1024&amp;ssl=1\" loading=\"lazy\" class=\"alignleft size-medium wp-image-664\" src=\"https:\/\/i0.wp.com\/cvis3.cebem.org\/wp-content\/uploads\/2016\/11\/informeCSS-ES-2016-1_P\u00e1gina_001.jpg?resize=212%2C300&#038;ssl=1\" alt=\"informecss-es-2016-1_pagina_001\" width=\"212\" height=\"300\" srcset=\"https:\/\/i0.wp.com\/cvis3.cebem.org\/wp-content\/uploads\/2016\/11\/informeCSS-ES-2016-1_P\u00e1gina_001.jpg?resize=212%2C300&amp;ssl=1 212w, https:\/\/i0.wp.com\/cvis3.cebem.org\/wp-content\/uploads\/2016\/11\/informeCSS-ES-2016-1_P\u00e1gina_001.jpg?resize=768%2C1085&amp;ssl=1 768w, https:\/\/i0.wp.com\/cvis3.cebem.org\/wp-content\/uploads\/2016\/11\/informeCSS-ES-2016-1_P\u00e1gina_001.jpg?resize=725%2C1024&amp;ssl=1 725w, https:\/\/i0.wp.com\/cvis3.cebem.org\/wp-content\/uploads\/2016\/11\/informeCSS-ES-2016-1_P\u00e1gina_001.jpg?resize=600%2C848&amp;ssl=1 600w, https:\/\/i0.wp.com\/cvis3.cebem.org\/wp-content\/uploads\/2016\/11\/informeCSS-ES-2016-1_P\u00e1gina_001.jpg?resize=106%2C150&amp;ssl=1 106w, https:\/\/i0.wp.com\/cvis3.cebem.org\/wp-content\/uploads\/2016\/11\/informeCSS-ES-2016-1_P\u00e1gina_001.jpg?w=800&amp;ssl=1 800w\" sizes=\"(max-width: 212px) 100vw, 212px\" data-recalc-dims=\"1\" \/>\u00bfQu\u00e9 es el Informe de la Cooperaci\u00f3n Sur-Sur en Iberoam\u00e9rica?<\/strong><\/p>\n<p>Es un documento de car\u00e1cter anual que recoge, sistematiza y analiza la Cooperaci\u00f3n Sur-Sur que implementan los pa\u00edses iberoamericanos. El mismo se elabora desde el a\u00f1o 2007 y es el \u00fanico ejercicio de estas caracter\u00edsticas existente para una regi\u00f3n en desarrollo. Se convierte as\u00ed, este Informe 2016, en la novena edici\u00f3n de un producto en constante evoluci\u00f3n.<\/p>\n<p><strong>\u00bfQui\u00e9n lo elabora y c\u00f3mo?<\/strong><\/p>\n<p>La elaboraci\u00f3n del Informe involucra a los pa\u00edses iberoamericanos (representados a trav\u00e9s de sus Agencias y Direcciones Generales de Cooperaci\u00f3n), al <a href=\"http:\/\/cooperacionsursur.org\" target=\"_blank\">Programa Iberoamericano para el Fortalecimiento de la Cooperaci\u00f3n Sur-Sur (PIFCSS)<\/a> y a la <a href=\"http:\/\/segib.org\" target=\"_blank\">SEGIB<\/a>, la cual es la encargada de su elaboraci\u00f3n y producci\u00f3n final.<\/p>\n<p>Son los propios pa\u00edses iberoamericanos los que deciden los contenidos del informe, as\u00ed como la metodolog\u00eda de registro y la definici\u00f3n de los conceptos, convirtiendo de esta manera el informe en un ejercicio de Cooperaci\u00f3n Sur-Sur en s\u00ed mismo. De esta manera, los pa\u00edses se involucran en el proceso de su elaboraci\u00f3n a dos niveles: el t\u00e9cnico y el pol\u00edtico.<\/p>\n<p><strong>\u00bfQu\u00e9 novedades incluye la edici\u00f3n 2016?<\/strong><\/p>\n<p><strong>Datos recopilados a trav\u00e9s de SIDICSS<\/strong><br \/>\nPor primera vez, los datos que lo nutren han sido recopilados y extra\u00eddos a partir del Sistema Integrado de Datos de Iberoam\u00e9rica sobre Cooperaci\u00f3n Sur-Sur y Triangular (SIDICSS), una herramienta web a trav\u00e9s de la cual los pa\u00edses registran y comparten sus datos sobre la Cooperaci\u00f3n Sur-Sur con mayor precisi\u00f3n.<\/p>\n<p><strong>Nuevo cap\u00edtulo sobre cooperaci\u00f3n con otras regiones en desarrollo<\/strong><br \/>\nSe incorpora un nuevo cap\u00edtulo referente a la cooperaci\u00f3n con otras regiones en desarrollo, como por ejemplo \u00c1frica y Asia. Ello se suma a la informaci\u00f3n relativa al Caribe no iberoamericano, que ya se ven\u00eda incorporando al informe desde el a\u00f1o 2012, en sus esfuerzos por avanzar en el registro de la totalidad de la Cooperaci\u00f3n Sur-Sur que intercambia Iberoam\u00e9rica.<\/p>\n<h4><a href=\"https:\/\/cvis3.cebem.org\/wp-content\/uploads\/2016\/11\/informeCSS-ES-2016.pdf\" target=\"_blank\">Descargar el informe en PDF<\/a>\u00a0(7 Mb)<\/h4>\n<h4><a href=\"http:\/\/www.informesursur.org\/\" target=\"_blank\">M\u00e1s informaci\u00f3n<\/a><\/h4>\n","protected":false},"excerpt":{"rendered":"<p>\u00bfQu\u00e9 es el Informe de la Cooperaci\u00f3n Sur-Sur en Iberoam\u00e9rica? Es un documento de car\u00e1cter anual que recoge, sistematiza y analiza la Cooperaci\u00f3n Sur-Sur que implementan los pa\u00edses iberoamericanos. El mismo se elabora desde el a\u00f1o 2007 y es el \u00fanico ejercicio de estas caracter\u00edsticas existente para una regi\u00f3n en\u2026<\/p>\n<p> <a class=\"continue-reading-link\" href=\"https:\/\/cvis3.cebem.org\/?p=669\"><span>Continuar leyendo<\/span><i class=\"crycon-right-dir\"><\/i><\/a> <\/p>\n","protected":false},"author":1,"featured_media":664,"comment_status":"open","ping_status":"closed","sticky":false,"template":"","format":"standard","meta":{"jetpack_publicize_message":"","jetpack_is_tweetstorm":false,"jetpack_publicize_feature_enabled":true},"categories":[19],"tags":[],"jetpack_publicize_connections":[],"jetpack_featured_media_url":"https:\/\/i0.wp.com\/cvis3.cebem.org\/wp-content\/uploads\/2016\/11\/informeCSS-ES-2016-1_P\u00e1gina_001.jpg?fit=800%2C1130&ssl=1","jetpack_sharing_enabled":true,"jetpack-related-posts":[],"_links":{"self":[{"href":"https:\/\/cvis3.cebem.org\/index.php?rest_route=\/wp\/v2\/posts\/669"}],"collection":[{"href":"https:\/\/cvis3.cebem.org\/index.php?rest_route=\/wp\/v2\/posts"}],"about":[{"href":"https:\/\/cvis3.cebem.org\/index.php?rest_route=\/wp\/v2\/types\/post"}],"author":[{"embeddable":true,"href":"https:\/\/cvis3.cebem.org\/index.php?rest_route=\/wp\/v2\/users\/1"}],"replies":[{"embeddable":true,"href":"https:\/\/cvis3.cebem.org\/index.php?rest_route=%2Fwp%2Fv2%2Fcomments&post=669"}],"version-history":[{"count":5,"href":"https:\/\/cvis3.cebem.org\/index.php?rest_route=\/wp\/v2\/posts\/669\/revisions"}],"predecessor-version":[{"id":676,"href":"https:\/\/cvis3.cebem.org\/index.php?rest_route=\/wp\/v2\/posts\/669\/revisions\/676"}],"wp:featuredmedia":[{"embeddable":true,"href":"https:\/\/cvis3.cebem.org\/index.php?rest_route=\/wp\/v2\/media\/664"}],"wp:attachment":[{"href":"https:\/\/cvis3.cebem.org\/index.php?rest_route=%2Fwp%2Fv2%2Fmedia&parent=669"}],"wp:term":[{"taxonomy":"category","embeddable":true,"href":"https:\/\/cvis3.cebem.org\/index.php?rest_route=%2Fwp%2Fv2%2Fcategories&post=669"},{"taxonomy":"post_tag","embeddable":true,"href":"https:\/\/cvis3.cebem.org\/index.php?rest_route=%2Fwp%2Fv2%2Ftags&post=669"}],"curies":[{"name":"wp","href":"https:\/\/api.w.org\/{rel}","templated":true}]}}