{"id":692,"date":"2016-11-24T11:07:50","date_gmt":"2016-11-24T15:07:50","guid":{"rendered":"http:\/\/cvis3.cebem.org\/?p=692"},"modified":"2016-12-23T11:15:14","modified_gmt":"2016-12-23T15:15:14","slug":"invitacion-al-lanzamiento-del-centro-virtual-de-excelencia-y-a-la-presentacion-de-los-resultados-del-primer-foro-regional","status":"publish","type":"post","link":"https:\/\/cvis3.cebem.org\/?p=692","title":{"rendered":"Lanzamiento del Centro Virtual de Excelencia y presentaci\u00f3n de los resultados del Primer Foro Regional"},"content":{"rendered":"<p><img data-attachment-id=\"694\" data-permalink=\"https:\/\/cvis3.cebem.org\/?attachment_id=694\" data-orig-file=\"https:\/\/i0.wp.com\/cvis3.cebem.org\/wp-content\/uploads\/2016\/11\/logos-evento.jpg?fit=2401%2C855&amp;ssl=1\" data-orig-size=\"2401,855\" data-comments-opened=\"1\" data-image-meta=\"{&quot;aperture&quot;:&quot;0&quot;,&quot;credit&quot;:&quot;&quot;,&quot;camera&quot;:&quot;&quot;,&quot;caption&quot;:&quot;&quot;,&quot;created_timestamp&quot;:&quot;0&quot;,&quot;copyright&quot;:&quot;&quot;,&quot;focal_length&quot;:&quot;0&quot;,&quot;iso&quot;:&quot;0&quot;,&quot;shutter_speed&quot;:&quot;0&quot;,&quot;title&quot;:&quot;&quot;,&quot;orientation&quot;:&quot;1&quot;}\" data-image-title=\"logos-evento\" data-image-description=\"\" data-image-caption=\"\" data-medium-file=\"https:\/\/i0.wp.com\/cvis3.cebem.org\/wp-content\/uploads\/2016\/11\/logos-evento.jpg?fit=300%2C107&amp;ssl=1\" data-large-file=\"https:\/\/i0.wp.com\/cvis3.cebem.org\/wp-content\/uploads\/2016\/11\/logos-evento.jpg?fit=900%2C321&amp;ssl=1\" loading=\"lazy\" class=\"aligncenter wp-image-694 size-large\" src=\"https:\/\/i0.wp.com\/cvis3.cebem.org\/wp-content\/uploads\/2016\/11\/logos-evento-1024x365.jpg?resize=900%2C321&#038;ssl=1\" alt=\"logos-evento\" width=\"900\" height=\"321\" srcset=\"https:\/\/i0.wp.com\/cvis3.cebem.org\/wp-content\/uploads\/2016\/11\/logos-evento.jpg?resize=1024%2C365&amp;ssl=1 1024w, https:\/\/i0.wp.com\/cvis3.cebem.org\/wp-content\/uploads\/2016\/11\/logos-evento.jpg?resize=300%2C107&amp;ssl=1 300w, https:\/\/i0.wp.com\/cvis3.cebem.org\/wp-content\/uploads\/2016\/11\/logos-evento.jpg?resize=768%2C273&amp;ssl=1 768w, https:\/\/i0.wp.com\/cvis3.cebem.org\/wp-content\/uploads\/2016\/11\/logos-evento.jpg?resize=600%2C214&amp;ssl=1 600w, https:\/\/i0.wp.com\/cvis3.cebem.org\/wp-content\/uploads\/2016\/11\/logos-evento.jpg?resize=250%2C89&amp;ssl=1 250w, https:\/\/i0.wp.com\/cvis3.cebem.org\/wp-content\/uploads\/2016\/11\/logos-evento.jpg?resize=150%2C53&amp;ssl=1 150w, https:\/\/i0.wp.com\/cvis3.cebem.org\/wp-content\/uploads\/2016\/11\/logos-evento.jpg?w=1800&amp;ssl=1 1800w\" sizes=\"(max-width: 900px) 100vw, 900px\" data-recalc-dims=\"1\" \/><\/p>\n<p>El Programa de las Naciones Unidas para el Desarrollo (PNUD) y la Unidad de Cooperaci\u00f3n Sur-Sur del Centro Regional de Panam\u00e1, con el apoyo de la Agencia Coreana para la Cooperaci\u00f3n Internacional (KOICA) est\u00e1n implementando el<strong> \u00abCentro Virtual de Excelencia &#8211; https:\/\/cvis3.cebem.org\u00bb<\/strong> con el prop\u00f3sito de generar un espacio para recoger e intercambiar buenas pr\u00e1cticas y lecciones aprendidas, esta iniciativa se realiza en el marco de la implementaci\u00f3n del <strong>Programa: \u00abDesarrollo de Capacidades Locales en el Desarrollo Productivo del \u00c1rea Metropolitana de Cochabamba (Municipio de Tiquipaya y Sacaba): Iniciativa Saemaul Undong en Bolivia\u00bb<\/strong> que se viene trabajando conjuntamente con el Ministerio de Desarrollo Productivo y Econom\u00eda Plural (MDPyEP).<\/p>\n<p>En este contexto, tenemos el agrado de invitarles al lanzamiento oficial de la Plataforma del Centro Virtual de Excelencia en el cual tambi\u00e9n se abordar\u00e1n los resultados del Primer Foro de Intercambio de Saberes y Cooperaci\u00f3n Sur-Sur en Desarrollo Territorial para Am\u00e9rica Latina y el Caribe realizado entre los meses de octubre y noviembre de 2016.<\/p>\n<p>Este evento contar\u00e1 con la participaci\u00f3n de invitados internacionales tales como: Ioanna Grotiuz, Especialista en Desarrollo Local y Descentralizaci\u00f3n de CLAEH de Uruguay y Michel Azcueta, Especialista en Desarrollo Territorial de la Escuela Mayor de Gesti\u00f3n Municipal.<\/p>\n<p>El lanzamiento del Centro Virtual de Excelencia se llevar\u00e1 a cabo el d\u00eda <strong>30 de noviembre de 2016 a partir de horas 18:00<\/strong> y la presentaci\u00f3n de los resultados del Foro Regional se realizar\u00e1 el d\u00eda <strong>1ro. de Diciembre de 2016 a partir de horas 08:30<\/strong>, ambos eventos se realizar\u00e1n en el <strong>Sal\u00f3n Iberia del Hotel Europa ubicado en la calle Tihuanaco No. 64, La Paz &#8211; Bolivia<\/strong><strong>.<\/strong><\/p>\n<blockquote>\n<h4>Para aquellas personas que no puedan asistir al evento presencial, se subir\u00e1 a la p\u00e1gina el video de las presentaciones.<\/h4>\n<\/blockquote>\n<h4><a href=\"https:\/\/cvis3.cebem.org\/wp-content\/uploads\/2016\/11\/Agenda-Lanzamiento-del-Centro-Virtual-de-Excelencia.pdf\">DESCARGAR Agenda<\/a><\/h4>\n","protected":false},"excerpt":{"rendered":"<p>El Programa de las Naciones Unidas para el Desarrollo (PNUD) y la Unidad de Cooperaci\u00f3n Sur-Sur del Centro Regional de Panam\u00e1, con el apoyo de la Agencia Coreana para la Cooperaci\u00f3n Internacional (KOICA) est\u00e1n implementando el \u00abCentro Virtual de Excelencia &#8211; https:\/\/cvis3.cebem.org\u00bb con el prop\u00f3sito de generar un espacio para\u2026<\/p>\n<p> <a class=\"continue-reading-link\" href=\"https:\/\/cvis3.cebem.org\/?p=692\"><span>Continuar leyendo<\/span><i class=\"crycon-right-dir\"><\/i><\/a> <\/p>\n","protected":false},"author":1,"featured_media":693,"comment_status":"open","ping_status":"closed","sticky":false,"template":"","format":"standard","meta":{"jetpack_publicize_message":"","jetpack_is_tweetstorm":false,"jetpack_publicize_feature_enabled":true},"categories":[22,5],"tags":[],"jetpack_publicize_connections":[],"jetpack_featured_media_url":"https:\/\/i0.wp.com\/cvis3.cebem.org\/wp-content\/uploads\/2016\/11\/CViS3-borrador-banner.jpg?fit=2500%2C1500&ssl=1","jetpack_sharing_enabled":true,"jetpack-related-posts":[],"_links":{"self":[{"href":"https:\/\/cvis3.cebem.org\/index.php?rest_route=\/wp\/v2\/posts\/692"}],"collection":[{"href":"https:\/\/cvis3.cebem.org\/index.php?rest_route=\/wp\/v2\/posts"}],"about":[{"href":"https:\/\/cvis3.cebem.org\/index.php?rest_route=\/wp\/v2\/types\/post"}],"author":[{"embeddable":true,"href":"https:\/\/cvis3.cebem.org\/index.php?rest_route=\/wp\/v2\/users\/1"}],"replies":[{"embeddable":true,"href":"https:\/\/cvis3.cebem.org\/index.php?rest_route=%2Fwp%2Fv2%2Fcomments&post=692"}],"version-history":[{"count":25,"href":"https:\/\/cvis3.cebem.org\/index.php?rest_route=\/wp\/v2\/posts\/692\/revisions"}],"predecessor-version":[{"id":811,"href":"https:\/\/cvis3.cebem.org\/index.php?rest_route=\/wp\/v2\/posts\/692\/revisions\/811"}],"wp:featuredmedia":[{"embeddable":true,"href":"https:\/\/cvis3.cebem.org\/index.php?rest_route=\/wp\/v2\/media\/693"}],"wp:attachment":[{"href":"https:\/\/cvis3.cebem.org\/index.php?rest_route=%2Fwp%2Fv2%2Fmedia&parent=692"}],"wp:term":[{"taxonomy":"category","embeddable":true,"href":"https:\/\/cvis3.cebem.org\/index.php?rest_route=%2Fwp%2Fv2%2Fcategories&post=692"},{"taxonomy":"post_tag","embeddable":true,"href":"https:\/\/cvis3.cebem.org\/index.php?rest_route=%2Fwp%2Fv2%2Ftags&post=692"}],"curies":[{"name":"wp","href":"https:\/\/api.w.org\/{rel}","templated":true}]}}