{"id":950,"date":"2017-01-10T17:47:52","date_gmt":"2017-01-10T21:47:52","guid":{"rendered":"http:\/\/cvis3.cebem.org\/?p=950"},"modified":"2017-01-10T18:46:55","modified_gmt":"2017-01-10T22:46:55","slug":"entrevistas-de-art-pnud-bolivia","status":"publish","type":"post","link":"https:\/\/cvis3.cebem.org\/?p=950","title":{"rendered":"Entrevistas de ART PNUD Bolivia"},"content":{"rendered":"<p><strong><a href=\"https:\/\/i0.wp.com\/cvis3.cebem.org\/wp-content\/uploads\/2017\/01\/Entrevistas-ART-Saida-Andrade-APREGRAER_P\u00e1gina_1.jpg?ssl=1\"><img data-attachment-id=\"953\" data-permalink=\"https:\/\/cvis3.cebem.org\/?attachment_id=953\" data-orig-file=\"https:\/\/i0.wp.com\/cvis3.cebem.org\/wp-content\/uploads\/2017\/01\/Entrevistas-ART-Saida-Andrade-APREGRAER_P\u00e1gina_1.jpg?fit=800%2C1142&amp;ssl=1\" data-orig-size=\"800,1142\" data-comments-opened=\"1\" data-image-meta=\"{&quot;aperture&quot;:&quot;0&quot;,&quot;credit&quot;:&quot;&quot;,&quot;camera&quot;:&quot;&quot;,&quot;caption&quot;:&quot;&quot;,&quot;created_timestamp&quot;:&quot;0&quot;,&quot;copyright&quot;:&quot;&quot;,&quot;focal_length&quot;:&quot;0&quot;,&quot;iso&quot;:&quot;0&quot;,&quot;shutter_speed&quot;:&quot;0&quot;,&quot;title&quot;:&quot;&quot;,&quot;orientation&quot;:&quot;1&quot;}\" data-image-title=\"Entrevistas ART Saida Andrade (APREGRAER)_P\u00e1gina_1\" data-image-description=\"\" data-image-caption=\"\" data-medium-file=\"https:\/\/i0.wp.com\/cvis3.cebem.org\/wp-content\/uploads\/2017\/01\/Entrevistas-ART-Saida-Andrade-APREGRAER_P\u00e1gina_1.jpg?fit=210%2C300&amp;ssl=1\" data-large-file=\"https:\/\/i0.wp.com\/cvis3.cebem.org\/wp-content\/uploads\/2017\/01\/Entrevistas-ART-Saida-Andrade-APREGRAER_P\u00e1gina_1.jpg?fit=717%2C1024&amp;ssl=1\" loading=\"lazy\" class=\"alignleft size-medium wp-image-953\" src=\"https:\/\/i0.wp.com\/cvis3.cebem.org\/wp-content\/uploads\/2017\/01\/Entrevistas-ART-Saida-Andrade-APREGRAER_P\u00e1gina_1.jpg?resize=210%2C300&#038;ssl=1\" alt=\"\" width=\"210\" height=\"300\" srcset=\"https:\/\/i0.wp.com\/cvis3.cebem.org\/wp-content\/uploads\/2017\/01\/Entrevistas-ART-Saida-Andrade-APREGRAER_P\u00e1gina_1.jpg?resize=210%2C300&amp;ssl=1 210w, https:\/\/i0.wp.com\/cvis3.cebem.org\/wp-content\/uploads\/2017\/01\/Entrevistas-ART-Saida-Andrade-APREGRAER_P\u00e1gina_1.jpg?resize=768%2C1096&amp;ssl=1 768w, https:\/\/i0.wp.com\/cvis3.cebem.org\/wp-content\/uploads\/2017\/01\/Entrevistas-ART-Saida-Andrade-APREGRAER_P\u00e1gina_1.jpg?resize=717%2C1024&amp;ssl=1 717w, https:\/\/i0.wp.com\/cvis3.cebem.org\/wp-content\/uploads\/2017\/01\/Entrevistas-ART-Saida-Andrade-APREGRAER_P\u00e1gina_1.jpg?resize=600%2C857&amp;ssl=1 600w, https:\/\/i0.wp.com\/cvis3.cebem.org\/wp-content\/uploads\/2017\/01\/Entrevistas-ART-Saida-Andrade-APREGRAER_P\u00e1gina_1.jpg?resize=105%2C150&amp;ssl=1 105w, https:\/\/i0.wp.com\/cvis3.cebem.org\/wp-content\/uploads\/2017\/01\/Entrevistas-ART-Saida-Andrade-APREGRAER_P\u00e1gina_1.jpg?w=800&amp;ssl=1 800w\" sizes=\"(max-width: 210px) 100vw, 210px\" data-recalc-dims=\"1\" \/><\/a>Entrevista 1:<\/strong><\/p>\n<p><em>\u201cSOY SAIDA Y NO QUIERO AGACHAR M\u00c1S LA CABEZA\u201d<\/em><\/p>\n<p><em>Saida Andrade, Presidenta de la Asociaci\u00f3n Productiva de Reposter\u00eda, Gastronom\u00eda y Ramas Afines Entre R\u00edos (APREGRAER)<\/em><\/p>\n<p>Valientes, decididas y un ejemplo para las mujeres del barrio de Entre R\u00edos en el Municipio de Sacaba. As\u00ed son las 18 mujeres que forman la Asociaci\u00f3n Productiva de Reposter\u00eda, Gastronom\u00eda y Ramas Afines Entre R\u00edos (APREGRAER). Hablamos con su Presidenta, Saida Andrade, sobre los inicios de la organizaci\u00f3n, sus inquietudes y del Proyecto Desarrollo de Capacidades Locales en el Desarrollo Productivo del \u00e1rea metropolitana de Cochabamba, Iniciativa Saemaul Undong, impulsado y financiado conjuntamente por el Programa de Naciones Unidas para el Desarrollo (PNUD) y la Cooperaci\u00f3n Coreana (KOIKA), junto a los Gobiernos Municipales de Sacaba y Tiquipaya.<\/p>\n<h4><a href=\"https:\/\/cvis3.cebem.org\/wp-content\/uploads\/2017\/01\/Entrevistas-ART-Saida-Andrade-APREGRAER.pdf\" target=\"_blank\">Descargar en PDF, la entrevista<\/a><\/h4>\n<p>&nbsp;<\/p>\n<p><strong><a href=\"https:\/\/i0.wp.com\/cvis3.cebem.org\/wp-content\/uploads\/2017\/01\/ENTREVISTAS-ART-PNUD-Humberto-S\u00e1nchez_P\u00e1gina_1.jpg?ssl=1\"><img data-attachment-id=\"954\" data-permalink=\"https:\/\/cvis3.cebem.org\/?attachment_id=954\" data-orig-file=\"https:\/\/i0.wp.com\/cvis3.cebem.org\/wp-content\/uploads\/2017\/01\/ENTREVISTAS-ART-PNUD-Humberto-S\u00e1nchez_P\u00e1gina_1.jpg?fit=800%2C1131&amp;ssl=1\" data-orig-size=\"800,1131\" data-comments-opened=\"1\" data-image-meta=\"{&quot;aperture&quot;:&quot;0&quot;,&quot;credit&quot;:&quot;&quot;,&quot;camera&quot;:&quot;&quot;,&quot;caption&quot;:&quot;&quot;,&quot;created_timestamp&quot;:&quot;0&quot;,&quot;copyright&quot;:&quot;&quot;,&quot;focal_length&quot;:&quot;0&quot;,&quot;iso&quot;:&quot;0&quot;,&quot;shutter_speed&quot;:&quot;0&quot;,&quot;title&quot;:&quot;&quot;,&quot;orientation&quot;:&quot;1&quot;}\" data-image-title=\"ENTREVISTAS ART- PNUD Humberto S\u00e1nchez_P\u00e1gina_1\" data-image-description=\"\" data-image-caption=\"\" data-medium-file=\"https:\/\/i0.wp.com\/cvis3.cebem.org\/wp-content\/uploads\/2017\/01\/ENTREVISTAS-ART-PNUD-Humberto-S\u00e1nchez_P\u00e1gina_1.jpg?fit=212%2C300&amp;ssl=1\" data-large-file=\"https:\/\/i0.wp.com\/cvis3.cebem.org\/wp-content\/uploads\/2017\/01\/ENTREVISTAS-ART-PNUD-Humberto-S\u00e1nchez_P\u00e1gina_1.jpg?fit=724%2C1024&amp;ssl=1\" loading=\"lazy\" class=\"alignright size-medium wp-image-954\" src=\"https:\/\/i0.wp.com\/cvis3.cebem.org\/wp-content\/uploads\/2017\/01\/ENTREVISTAS-ART-PNUD-Humberto-S\u00e1nchez_P\u00e1gina_1.jpg?resize=212%2C300&#038;ssl=1\" alt=\"\" width=\"212\" height=\"300\" srcset=\"https:\/\/i0.wp.com\/cvis3.cebem.org\/wp-content\/uploads\/2017\/01\/ENTREVISTAS-ART-PNUD-Humberto-S\u00e1nchez_P\u00e1gina_1.jpg?resize=212%2C300&amp;ssl=1 212w, https:\/\/i0.wp.com\/cvis3.cebem.org\/wp-content\/uploads\/2017\/01\/ENTREVISTAS-ART-PNUD-Humberto-S\u00e1nchez_P\u00e1gina_1.jpg?resize=768%2C1086&amp;ssl=1 768w, https:\/\/i0.wp.com\/cvis3.cebem.org\/wp-content\/uploads\/2017\/01\/ENTREVISTAS-ART-PNUD-Humberto-S\u00e1nchez_P\u00e1gina_1.jpg?resize=724%2C1024&amp;ssl=1 724w, https:\/\/i0.wp.com\/cvis3.cebem.org\/wp-content\/uploads\/2017\/01\/ENTREVISTAS-ART-PNUD-Humberto-S\u00e1nchez_P\u00e1gina_1.jpg?resize=600%2C848&amp;ssl=1 600w, https:\/\/i0.wp.com\/cvis3.cebem.org\/wp-content\/uploads\/2017\/01\/ENTREVISTAS-ART-PNUD-Humberto-S\u00e1nchez_P\u00e1gina_1.jpg?resize=106%2C150&amp;ssl=1 106w, https:\/\/i0.wp.com\/cvis3.cebem.org\/wp-content\/uploads\/2017\/01\/ENTREVISTAS-ART-PNUD-Humberto-S\u00e1nchez_P\u00e1gina_1.jpg?w=800&amp;ssl=1 800w\" sizes=\"(max-width: 212px) 100vw, 212px\" data-recalc-dims=\"1\" \/><\/a>Entrevista 2:<\/strong><\/p>\n<p><em>\u201cA LAS COMUNIDADES PRODUCTIVAS HAY QUE FORTALECERLAS CON PROYECTOS DE INVERSI\u00d3N O BUSCANDO APOYO COMO CON EL PNUD\u201d<\/em><\/p>\n<p><em>Humberto S\u00e1nchez, Alcalde del Gobierno Aut\u00f3nomo Municipal de Sacaba<\/em><\/p>\n<p>Con la presentaci\u00f3n y financiaci\u00f3n de los proyectos productivos del pasado 24 de junio, se marca un antes y un despu\u00e9s para 708 familias productoras del Municipio de Sacaba, quienes ser\u00e1n beneficiadas con una inversi\u00f3n productiva de Bs. 2.806.014,84, destinados a la ejecuci\u00f3n del Programa Desarrollo de Capacidades Locales en el Desarrollo Productivo en el \u00e1rea metropolitana de Cochabamba, Iniciativa Saemaul Undong, que el Programa de Naciones Unidas para el Desarrollo (PNUD) y la Cooperaci\u00f3n Coreana (KOIKA), junto a los Gobiernos Municipales llevan impulsando y financiando conjuntamente con el fin de promover el desarrollo humano local integrado y sostenible para reducir la pobreza en la regi\u00f3n.<\/p>\n<h4><a href=\"https:\/\/cvis3.cebem.org\/wp-content\/uploads\/2017\/01\/ENTREVISTAS-ART-PNUD-Humberto-S\u00e1nchez.pdf\" target=\"_blank\">Descargar en PDF, la entrevista<\/a><\/h4>\n","protected":false},"excerpt":{"rendered":"<p>Entrevista 1: \u201cSOY SAIDA Y NO QUIERO AGACHAR M\u00c1S LA CABEZA\u201d Saida Andrade, Presidenta de la Asociaci\u00f3n Productiva de Reposter\u00eda, Gastronom\u00eda y Ramas Afines Entre R\u00edos (APREGRAER) Valientes, decididas y un ejemplo para las mujeres del barrio de Entre R\u00edos en el Municipio de Sacaba. As\u00ed son las 18 mujeres\u2026<\/p>\n<p> <a class=\"continue-reading-link\" href=\"https:\/\/cvis3.cebem.org\/?p=950\"><span>Continuar leyendo<\/span><i class=\"crycon-right-dir\"><\/i><\/a> <\/p>\n","protected":false},"author":1,"featured_media":955,"comment_status":"open","ping_status":"closed","sticky":false,"template":"","format":"standard","meta":{"jetpack_publicize_message":"","jetpack_is_tweetstorm":false,"jetpack_publicize_feature_enabled":true},"categories":[5],"tags":[25],"jetpack_publicize_connections":[],"jetpack_featured_media_url":"https:\/\/i0.wp.com\/cvis3.cebem.org\/wp-content\/uploads\/2017\/01\/Entrevistas-ART.jpg?fit=1024%2C748&ssl=1","jetpack_sharing_enabled":true,"jetpack-related-posts":[],"_links":{"self":[{"href":"https:\/\/cvis3.cebem.org\/index.php?rest_route=\/wp\/v2\/posts\/950"}],"collection":[{"href":"https:\/\/cvis3.cebem.org\/index.php?rest_route=\/wp\/v2\/posts"}],"about":[{"href":"https:\/\/cvis3.cebem.org\/index.php?rest_route=\/wp\/v2\/types\/post"}],"author":[{"embeddable":true,"href":"https:\/\/cvis3.cebem.org\/index.php?rest_route=\/wp\/v2\/users\/1"}],"replies":[{"embeddable":true,"href":"https:\/\/cvis3.cebem.org\/index.php?rest_route=%2Fwp%2Fv2%2Fcomments&post=950"}],"version-history":[{"count":1,"href":"https:\/\/cvis3.cebem.org\/index.php?rest_route=\/wp\/v2\/posts\/950\/revisions"}],"predecessor-version":[{"id":956,"href":"https:\/\/cvis3.cebem.org\/index.php?rest_route=\/wp\/v2\/posts\/950\/revisions\/956"}],"wp:featuredmedia":[{"embeddable":true,"href":"https:\/\/cvis3.cebem.org\/index.php?rest_route=\/wp\/v2\/media\/955"}],"wp:attachment":[{"href":"https:\/\/cvis3.cebem.org\/index.php?rest_route=%2Fwp%2Fv2%2Fmedia&parent=950"}],"wp:term":[{"taxonomy":"category","embeddable":true,"href":"https:\/\/cvis3.cebem.org\/index.php?rest_route=%2Fwp%2Fv2%2Fcategories&post=950"},{"taxonomy":"post_tag","embeddable":true,"href":"https:\/\/cvis3.cebem.org\/index.php?rest_route=%2Fwp%2Fv2%2Ftags&post=950"}],"curies":[{"name":"wp","href":"https:\/\/api.w.org\/{rel}","templated":true}]}}