{"id":957,"date":"2017-01-10T18:09:33","date_gmt":"2017-01-10T22:09:33","guid":{"rendered":"http:\/\/cvis3.cebem.org\/?p=957"},"modified":"2017-01-10T18:09:33","modified_gmt":"2017-01-10T22:09:33","slug":"convocatorias-call-for-papers-cuadernos-del-claeh-no-105-territorio-y-politicas-en-america-latina","status":"publish","type":"post","link":"https:\/\/cvis3.cebem.org\/?p=957","title":{"rendered":"Convocatorias: Call For Papers Cuadernos del CLAEH N\u00ba 105 &#8211; Territorio y Pol\u00edticas en Am\u00e9rica Latina"},"content":{"rendered":"<p>Cuadernos del Claeh convoca a la presentaci\u00f3n de art\u00edculos para su edici\u00f3n n.\u00ba\u00a0105 (2017-1), cuyo tema central (<em>dossier<\/em>) ser\u00e1:<\/p>\n<p><strong><em>Territorio y pol\u00edticas en Am\u00e9rica Latina<\/em><\/strong><em>.<\/em><\/p>\n<p>Editores asociados: Enrique Gallicchio, Ioanna Grotiuz<\/p>\n<p>Lo local, el territorio, se ha transformado en uno de los principales objetivos de las pol\u00edticas de desarrollo que se llevan adelante en los pa\u00edses de Am\u00e9rica Latina. Recursos, competencias y diferentes iniciativas han llegado a lo local. Sin embargo, las inequidades territoriales en general se han mantenido mayormente incambiadas.<\/p>\n<p>En un momento en el que el gran desaf\u00edo parece ser mantener los logros a nivel macro, la dimensi\u00f3n territorial adquiere especial relevancia en la discusi\u00f3n pol\u00edtica de la regi\u00f3n. Aspectos como la gobernanza multinivel, el desarrollo econ\u00f3mico local, el empleo y el trabajo, el desarrollo sostenible, el h\u00e1bitat, la participaci\u00f3n social, la dimensi\u00f3n de g\u00e9nero y, en definitiva, la relaci\u00f3n entre el territorio y la pol\u00edtica, la econom\u00eda, la sociedad, el medioambiente, la cultura marcar\u00e1n cuestiones importantes de los pr\u00f3ximos tiempos.<\/p>\n<p>Cuadernos del Claeh convoca a la presentaci\u00f3n de art\u00edculos, avances de investigaciones y an\u00e1lisis sobre esta relaci\u00f3n entre territorio y pol\u00edticas de desarrollo.<\/p>\n<p>Los art\u00edculos para el <em>dossier<\/em> de la edici\u00f3n n.\u00ba 105 de Cuadernos del Claeh se recibir\u00e1n hasta el <strong>31 de marzo de 2017, hora 23.55 de Uruguay (GMT-03.00)<\/strong> y deben ser encaminados por los autores a trav\u00e9s de la plataforma de la revista, una vez matriculados como tales en <a href=\"http:\/\/www.publicaciones.claeh.edu.uy\/index.php\/cclaeh\/information\/authors\" target=\"_blank\">http:\/\/www.claeh.edu.uy\/publicaciones<\/a>. Es posible revisar, tambi\u00e9n all\u00ed, las normas para autores y las referencias para la realizaci\u00f3n de cualquier consulta.<\/p>\n<p>Asimismo, Cuadernos del Claeh recibe durante todo el a\u00f1o art\u00edculos originales sobre asuntos diferentes a los del tema central de la edici\u00f3n en curso y que se inscriban en los temas de inter\u00e9s de la revista.<\/p>\n<h4><a href=\"http:\/\/claeh.edu.uy\/publicaciones\/index.php\/cclaeh\/announcement\/view\/5\" target=\"_blank\">M\u00e1s informaci\u00f3n<\/a><\/h4>\n","protected":false},"excerpt":{"rendered":"<p>Cuadernos del Claeh convoca a la presentaci\u00f3n de art\u00edculos para su edici\u00f3n n.\u00ba\u00a0105 (2017-1), cuyo tema central (dossier) ser\u00e1: Territorio y pol\u00edticas en Am\u00e9rica Latina. Editores asociados: Enrique Gallicchio, Ioanna Grotiuz Lo local, el territorio, se ha transformado en uno de los principales objetivos de las pol\u00edticas de desarrollo que\u2026<\/p>\n<p> <a class=\"continue-reading-link\" href=\"https:\/\/cvis3.cebem.org\/?p=957\"><span>Continuar leyendo<\/span><i class=\"crycon-right-dir\"><\/i><\/a> <\/p>\n","protected":false},"author":1,"featured_media":683,"comment_status":"open","ping_status":"closed","sticky":false,"template":"","format":"standard","meta":{"jetpack_publicize_message":"","jetpack_is_tweetstorm":false,"jetpack_publicize_feature_enabled":true},"categories":[5],"tags":[24],"jetpack_publicize_connections":[],"jetpack_featured_media_url":"https:\/\/i0.wp.com\/cvis3.cebem.org\/wp-content\/uploads\/2016\/11\/logo_claeh.jpg?fit=600%2C600&ssl=1","jetpack_sharing_enabled":true,"jetpack-related-posts":[],"_links":{"self":[{"href":"https:\/\/cvis3.cebem.org\/index.php?rest_route=\/wp\/v2\/posts\/957"}],"collection":[{"href":"https:\/\/cvis3.cebem.org\/index.php?rest_route=\/wp\/v2\/posts"}],"about":[{"href":"https:\/\/cvis3.cebem.org\/index.php?rest_route=\/wp\/v2\/types\/post"}],"author":[{"embeddable":true,"href":"https:\/\/cvis3.cebem.org\/index.php?rest_route=\/wp\/v2\/users\/1"}],"replies":[{"embeddable":true,"href":"https:\/\/cvis3.cebem.org\/index.php?rest_route=%2Fwp%2Fv2%2Fcomments&post=957"}],"version-history":[{"count":1,"href":"https:\/\/cvis3.cebem.org\/index.php?rest_route=\/wp\/v2\/posts\/957\/revisions"}],"predecessor-version":[{"id":958,"href":"https:\/\/cvis3.cebem.org\/index.php?rest_route=\/wp\/v2\/posts\/957\/revisions\/958"}],"wp:featuredmedia":[{"embeddable":true,"href":"https:\/\/cvis3.cebem.org\/index.php?rest_route=\/wp\/v2\/media\/683"}],"wp:attachment":[{"href":"https:\/\/cvis3.cebem.org\/index.php?rest_route=%2Fwp%2Fv2%2Fmedia&parent=957"}],"wp:term":[{"taxonomy":"category","embeddable":true,"href":"https:\/\/cvis3.cebem.org\/index.php?rest_route=%2Fwp%2Fv2%2Fcategories&post=957"},{"taxonomy":"post_tag","embeddable":true,"href":"https:\/\/cvis3.cebem.org\/index.php?rest_route=%2Fwp%2Fv2%2Ftags&post=957"}],"curies":[{"name":"wp","href":"https:\/\/api.w.org\/{rel}","templated":true}]}}