{"id":959,"date":"2017-01-10T18:54:16","date_gmt":"2017-01-10T22:54:16","guid":{"rendered":"http:\/\/cvis3.cebem.org\/?p=959"},"modified":"2017-05-02T11:14:48","modified_gmt":"2017-05-02T15:14:48","slug":"2do-foro-regional-de-desarrollo-economico-local-para-lac","status":"publish","type":"post","link":"https:\/\/cvis3.cebem.org\/?p=959","title":{"rendered":"2do Foro Regional de Desarrollo Econ\u00f3mico Local para LAC"},"content":{"rendered":"<p><a href=\"https:\/\/i0.wp.com\/cvis3.cebem.org\/wp-content\/uploads\/2017\/01\/16722428_852115274929465_1007702922864521440_o.jpg?ssl=1\"><img data-attachment-id=\"1024\" data-permalink=\"https:\/\/cvis3.cebem.org\/?attachment_id=1024\" data-orig-file=\"https:\/\/i0.wp.com\/cvis3.cebem.org\/wp-content\/uploads\/2017\/01\/16722428_852115274929465_1007702922864521440_o.jpg?fit=2048%2C1438&amp;ssl=1\" data-orig-size=\"2048,1438\" data-comments-opened=\"1\" data-image-meta=\"{&quot;aperture&quot;:&quot;0&quot;,&quot;credit&quot;:&quot;&quot;,&quot;camera&quot;:&quot;&quot;,&quot;caption&quot;:&quot;&quot;,&quot;created_timestamp&quot;:&quot;0&quot;,&quot;copyright&quot;:&quot;&quot;,&quot;focal_length&quot;:&quot;0&quot;,&quot;iso&quot;:&quot;0&quot;,&quot;shutter_speed&quot;:&quot;0&quot;,&quot;title&quot;:&quot;&quot;,&quot;orientation&quot;:&quot;0&quot;}\" data-image-title=\"16722428_852115274929465_1007702922864521440_o\" data-image-description=\"\" data-image-caption=\"\" data-medium-file=\"https:\/\/i0.wp.com\/cvis3.cebem.org\/wp-content\/uploads\/2017\/01\/16722428_852115274929465_1007702922864521440_o.jpg?fit=300%2C211&amp;ssl=1\" data-large-file=\"https:\/\/i0.wp.com\/cvis3.cebem.org\/wp-content\/uploads\/2017\/01\/16722428_852115274929465_1007702922864521440_o.jpg?fit=900%2C632&amp;ssl=1\" loading=\"lazy\" class=\"aligncenter size-medium wp-image-1024\" src=\"https:\/\/i0.wp.com\/cvis3.cebem.org\/wp-content\/uploads\/2017\/01\/16722428_852115274929465_1007702922864521440_o.jpg?resize=300%2C211&#038;ssl=1\" alt=\"\" width=\"300\" height=\"211\" srcset=\"https:\/\/i0.wp.com\/cvis3.cebem.org\/wp-content\/uploads\/2017\/01\/16722428_852115274929465_1007702922864521440_o.jpg?resize=300%2C211&amp;ssl=1 300w, https:\/\/i0.wp.com\/cvis3.cebem.org\/wp-content\/uploads\/2017\/01\/16722428_852115274929465_1007702922864521440_o.jpg?resize=768%2C539&amp;ssl=1 768w, https:\/\/i0.wp.com\/cvis3.cebem.org\/wp-content\/uploads\/2017\/01\/16722428_852115274929465_1007702922864521440_o.jpg?resize=1024%2C719&amp;ssl=1 1024w, https:\/\/i0.wp.com\/cvis3.cebem.org\/wp-content\/uploads\/2017\/01\/16722428_852115274929465_1007702922864521440_o.jpg?resize=600%2C421&amp;ssl=1 600w, https:\/\/i0.wp.com\/cvis3.cebem.org\/wp-content\/uploads\/2017\/01\/16722428_852115274929465_1007702922864521440_o.jpg?resize=214%2C150&amp;ssl=1 214w, https:\/\/i0.wp.com\/cvis3.cebem.org\/wp-content\/uploads\/2017\/01\/16722428_852115274929465_1007702922864521440_o.jpg?resize=150%2C105&amp;ssl=1 150w, https:\/\/i0.wp.com\/cvis3.cebem.org\/wp-content\/uploads\/2017\/01\/16722428_852115274929465_1007702922864521440_o.jpg?w=2048&amp;ssl=1 2048w, https:\/\/i0.wp.com\/cvis3.cebem.org\/wp-content\/uploads\/2017\/01\/16722428_852115274929465_1007702922864521440_o.jpg?w=1800&amp;ssl=1 1800w\" sizes=\"(max-width: 300px) 100vw, 300px\" data-recalc-dims=\"1\" \/><\/a>El 2\u00b0 Foro Regional de Desarrollo Econ\u00f3mico Local para Am\u00e9rica Latina y el Caribe tendr\u00e1 lugar en las instalaciones del Hotel Regina Resort de Tiquipaya (Cochabamba), del 27 al 30 de junio de 2017, bajo el lema \u201cDesarrollo productivo para transformar las desigualdades territoriales en Am\u00e9rica Latina y El Caribe\u201d.<\/p>\n<p>El Foro de Tiquipaya es el preparatorio regional del IV Foro Mundial de Desarrollo Econ\u00f3mico Local, que se celebrar\u00e1 en la ciudad de Praia, Cabo Verde, del 17 al 20 de octubre de 2017. Se espera, con ello, llevar a Cabo Verde una posici\u00f3n concertada de los representantes y l\u00edderes locales de Am\u00e9rica Latina y El Caribe.<\/p>\n<p>El Desarrollo Econ\u00f3mico Local (DEL) es un proceso que busca de manera continua y permanente el mejoramiento de la calidad de vida de la poblaci\u00f3n de un territorio a trav\u00e9s la implementaci\u00f3n de acciones conjuntas que lleven a la generaci\u00f3n de empleo, al fortalecimiento de micro y peque\u00f1as unidades productivas y al consecuente crecimiento de los ingresos de la poblaci\u00f3n.<\/p>\n<p>El proceso del Foro Mundial sobre el Desarrollo Econ\u00f3mico Local (DEL) es una coalici\u00f3n de gobiernos locales y nacionales, organizaciones nacionales e internacionales del sector privado, as\u00ed como de la sociedad civil comprometidos, que reconocen el potencial del enfoque del Desarrollo Econ\u00f3mico Local y que trabajan conjuntamente para avanzar en el debate y fortalecer una alianza global para acciones concretas a nivel local, nacional e internacional.<br \/>\nCochabamba espera en marzo pr\u00f3ximo la visita de alrededor de 2.000 participantes, entre autoridades municipales y l\u00edderes locales, que discutir\u00e1n la tem\u00e1tica del Desarrollo Econ\u00f3mico Local durante tres d\u00edas, en el Municipio de Tiquipaya.<\/p>\n<h4><strong><a href=\"http:\/\/www.forodel.org\/home-page\/\" target=\"_blank\" rel=\"noopener noreferrer\">M\u00e1s informaci\u00f3n<\/a><\/strong><\/h4>\n","protected":false},"excerpt":{"rendered":"<p>El 2\u00b0 Foro Regional de Desarrollo Econ\u00f3mico Local para Am\u00e9rica Latina y el Caribe tendr\u00e1 lugar en las instalaciones del Hotel Regina Resort de Tiquipaya (Cochabamba), del 27 al 30 de junio de 2017, bajo el lema \u201cDesarrollo productivo para transformar las desigualdades territoriales en Am\u00e9rica Latina y El Caribe\u201d.\u2026<\/p>\n<p> <a class=\"continue-reading-link\" href=\"https:\/\/cvis3.cebem.org\/?p=959\"><span>Continuar leyendo<\/span><i class=\"crycon-right-dir\"><\/i><\/a> <\/p>\n","protected":false},"author":1,"featured_media":1024,"comment_status":"open","ping_status":"closed","sticky":false,"template":"","format":"standard","meta":{"jetpack_publicize_message":"","jetpack_is_tweetstorm":false,"jetpack_publicize_feature_enabled":true},"categories":[22,5],"tags":[26,14],"jetpack_publicize_connections":[],"jetpack_featured_media_url":"https:\/\/i0.wp.com\/cvis3.cebem.org\/wp-content\/uploads\/2017\/01\/16722428_852115274929465_1007702922864521440_o.jpg?fit=2048%2C1438&ssl=1","jetpack_sharing_enabled":true,"jetpack-related-posts":[],"_links":{"self":[{"href":"https:\/\/cvis3.cebem.org\/index.php?rest_route=\/wp\/v2\/posts\/959"}],"collection":[{"href":"https:\/\/cvis3.cebem.org\/index.php?rest_route=\/wp\/v2\/posts"}],"about":[{"href":"https:\/\/cvis3.cebem.org\/index.php?rest_route=\/wp\/v2\/types\/post"}],"author":[{"embeddable":true,"href":"https:\/\/cvis3.cebem.org\/index.php?rest_route=\/wp\/v2\/users\/1"}],"replies":[{"embeddable":true,"href":"https:\/\/cvis3.cebem.org\/index.php?rest_route=%2Fwp%2Fv2%2Fcomments&post=959"}],"version-history":[{"count":6,"href":"https:\/\/cvis3.cebem.org\/index.php?rest_route=\/wp\/v2\/posts\/959\/revisions"}],"predecessor-version":[{"id":1042,"href":"https:\/\/cvis3.cebem.org\/index.php?rest_route=\/wp\/v2\/posts\/959\/revisions\/1042"}],"wp:featuredmedia":[{"embeddable":true,"href":"https:\/\/cvis3.cebem.org\/index.php?rest_route=\/wp\/v2\/media\/1024"}],"wp:attachment":[{"href":"https:\/\/cvis3.cebem.org\/index.php?rest_route=%2Fwp%2Fv2%2Fmedia&parent=959"}],"wp:term":[{"taxonomy":"category","embeddable":true,"href":"https:\/\/cvis3.cebem.org\/index.php?rest_route=%2Fwp%2Fv2%2Fcategories&post=959"},{"taxonomy":"post_tag","embeddable":true,"href":"https:\/\/cvis3.cebem.org\/index.php?rest_route=%2Fwp%2Fv2%2Ftags&post=959"}],"curies":[{"name":"wp","href":"https:\/\/api.w.org\/{rel}","templated":true}]}}